{"id":310442,"date":"2021-11-23T12:46:48","date_gmt":"2021-11-23T16:46:48","guid":{"rendered":"http:\/\/diariodominicano.com\/?p=310442"},"modified":"2021-11-23T12:46:48","modified_gmt":"2021-11-23T16:46:48","slug":"sismo-de-magnitud-452-sacude-capital-de-ecuador","status":"publish","type":"post","link":"https:\/\/diariodominicano.com\/?p=310442","title":{"rendered":"Sismo de magnitud 4,52 sacude capital de Ecuador"},"content":{"rendered":"\n<p>diariodominicano.com<a rel=\"noreferrer noopener\" href=\"https:\/\/www.xinhua-news.com\/gdsdetailxhs\/share\/10640363-?pageflag=iframe\" target=\"_blank\"><\/a><\/p>\n\n\n\n<pre id=\"text-news-description\" class=\"wp-block-preformatted\">   QUITO, 23 nov (Xinhua) -- Un sismo de magnitud 4,52 en la escala de Richter se registr\u00f3 hoy martes en Quito, la capital de Ecuador, inform\u00f3 el Instituto Geof\u00edsico del pa\u00eds sudamericano.\n   De inmediato, no se reportaron posibles v\u00edctimas o da\u00f1os materiales a causa del temblor.\n   El movimiento tel\u00farico se produjo a las 11:03 hora local a una profundidad de 4,31 kil\u00f3metros y a 13,45 kil\u00f3metros de Quito, precis\u00f3 el organismo en su cuenta de la red social Twitter.\n   El sismo fue sentido con fuerza en la capital ecuatoriana, la ciudad m\u00e1s poblada del pa\u00eds, seg\u00fan reportes de ciudadanos en las redes sociales<\/pre>\n","protected":false},"excerpt":{"rendered":"<p>diariodominicano.com QUITO, 23 nov (Xinhua) &#8212; Un sismo de magnitud 4,52 en la escala de Richter se registr\u00f3 hoy martes en Quito, la capital de Ecuador, inform\u00f3 el Instituto Geof\u00edsico del pa\u00eds sudamericano. De inmediato, no se reportaron posibles v\u00edctimas o da\u00f1os materiales a causa del temblor. El movimiento tel\u00farico se produjo a las 11:03 [&hellip;]<\/p>\n","protected":false},"author":5,"featured_media":310443,"comment_status":"closed","ping_status":"","sticky":true,"template":"","format":"standard","meta":{"footnotes":""},"categories":[23,27],"tags":[],"class_list":["post-310442","post","type-post","status-publish","format-standard","has-post-thumbnail","hentry","category-internacional","category-portada"],"_links":{"self":[{"href":"https:\/\/diariodominicano.com\/index.php?rest_route=\/wp\/v2\/posts\/310442","targetHints":{"allow":["GET"]}}],"collection":[{"href":"https:\/\/diariodominicano.com\/index.php?rest_route=\/wp\/v2\/posts"}],"about":[{"href":"https:\/\/diariodominicano.com\/index.php?rest_route=\/wp\/v2\/types\/post"}],"author":[{"embeddable":true,"href":"https:\/\/diariodominicano.com\/index.php?rest_route=\/wp\/v2\/users\/5"}],"replies":[{"embeddable":true,"href":"https:\/\/diariodominicano.com\/index.php?rest_route=%2Fwp%2Fv2%2Fcomments&post=310442"}],"version-history":[{"count":1,"href":"https:\/\/diariodominicano.com\/index.php?rest_route=\/wp\/v2\/posts\/310442\/revisions"}],"predecessor-version":[{"id":310444,"href":"https:\/\/diariodominicano.com\/index.php?rest_route=\/wp\/v2\/posts\/310442\/revisions\/310444"}],"wp:featuredmedia":[{"embeddable":true,"href":"https:\/\/diariodominicano.com\/index.php?rest_route=\/wp\/v2\/media\/310443"}],"wp:attachment":[{"href":"https:\/\/diariodominicano.com\/index.php?rest_route=%2Fwp%2Fv2%2Fmedia&parent=310442"}],"wp:term":[{"taxonomy":"category","embeddable":true,"href":"https:\/\/diariodominicano.com\/index.php?rest_route=%2Fwp%2Fv2%2Fcategories&post=310442"},{"taxonomy":"post_tag","embeddable":true,"href":"https:\/\/diariodominicano.com\/index.php?rest_route=%2Fwp%2Fv2%2Ftags&post=310442"}],"curies":[{"name":"wp","href":"https:\/\/api.w.org\/{rel}","templated":true}]}}