{"id":310402,"date":"2021-11-23T10:40:22","date_gmt":"2021-11-23T14:40:22","guid":{"rendered":"http:\/\/diariodominicano.com\/?p=310402"},"modified":"2021-11-23T10:40:22","modified_gmt":"2021-11-23T14:40:22","slug":"servicio-de-patologia-molecular-facilita-diagnosticar-cancer-de-pulmon-colon-melanoma-y-de-tiroides","status":"publish","type":"post","link":"https:\/\/diariodominicano.com\/?p=310402","title":{"rendered":"Servicio de Patolog\u00eda Molecular facilita diagnosticar c\u00e1ncer de pulm\u00f3n, colon, melanoma y de tiroides"},"content":{"rendered":"\n<p>diariodominicano.com<\/p>\n\n\n\n<p><br><em><strong>En dos eventos cient\u00edficos celebrados de forma simult\u00e1nea, el pasado fin de semana en la regi\u00f3n Este del pa\u00eds, Referencia Laboratorio Cl\u00ednico, present\u00f3 a sociedades m\u00e9dicas especializadas el nuevo servicio de Patolog\u00eda Molecular.<\/strong><\/em><\/p>\n\n\n\n<p>Punta Cana, Hig\u00fcey, La Altagracia, R. D.,  23 de noviembre, 2021.- Referencia Laboratorio Cl\u00ednico puso a disposici\u00f3n del sector salud y la comunidad m\u00e9dica nacional el servicio de Patolog\u00eda Molecular, que consiste en un men\u00fa de pruebas oncol\u00f3gicas de avanzada tecnolog\u00eda y precisi\u00f3n para diagnosticar, seguir y seleccionar los tratamientos m\u00e1s efectivos para tratar los c\u00e1nceres de pulm\u00f3n, colon, melanoma y carcinoma papilar de tiroides.<\/p>\n\n\n\n<p><br>La directora m\u00e9dica de Patolog\u00eda Molecular de ese centro, doctora Sonia Dickson, explic\u00f3 que el portafolio de c\u00e1ncer de pulm\u00f3n incluye paneles moleculares en tejido y plasma, utilizando t\u00e9cnicas innovadoras y automatizadas siguiendo los lineamientos del Colegio Americano de Pat\u00f3logos (CAP).<\/p>\n\n\n\n<p><br>La especialista present\u00f3 este servicio en una conferencia sobre \u201cLa patolog\u00eda molecular en el diagn\u00f3stico y tratamiento del c\u00e1ncer de pulm\u00f3n\u201d, dictada en el XVII Congreso Dominicano de Neumolog\u00eda y Cirug\u00eda del T\u00f3rax y el 4to. Congreso Internacional de la Sociedad Dominicana de Cirug\u00eda Oncol\u00f3gica, eventos cient\u00edficos efectuados de forma simult\u00e1nea el pasado fin de semana, en el Centro de Convenciones del Hotel Hyatt, en Cap Cana y el Hotel Paradisus Palma Real, de Punta Cana.<\/p>\n\n\n\n<p><br>La doctora Dickson expuso ante decenas de cirujanos tor\u00e1cicos, cirujanos onc\u00f3logos, pat\u00f3logos, onc\u00f3logos, neum\u00f3logos, radi\u00f3logos e intervencionistas, que siguieron la conferencia de modo presencial y remoto, durante la cual explic\u00f3 que la prueba de Patolog\u00eda Molecular es una herramienta muy valiosa para los especialistas en el diagn\u00f3stico y tratamiento de ciertos tipos de c\u00e1nceres por su alta calidad y especificidad en el perfilado molecular.<\/p>\n\n\n\n<p><br>\u201cEstas pruebas est\u00e1n disponibles para la clase m\u00e9dica y este tipo de muestras son extra\u00eddas por m\u00e9dicos cirujanos e intervencionistas, y tienen un manejo delicado\u201d, precis\u00f3 la galena.<\/p>\n\n\n\n<p><br>Manifest\u00f3 que el staff de pat\u00f3logos de esa unidad en Referencia Laboratorio Cl\u00ednico est\u00e1 integrado, adem\u00e1s, por el m\u00e9dico Adjunto \u00c1ngel Guaroa Medina y que los biomarcadores tumorales que disponen son An\u00e1lisis de Mutaci\u00f3n para Carcinoma de Pulm\u00f3n por Inmunohistoqu\u00edmica (ALK) y An\u00e1lisis de Mutaciones en Tejido (EGFR) por PCR en tiempo real.<\/p>\n\n\n\n<p><br>Tambi\u00e9n, An\u00e1lisis de Mutaciones en Plasma (EGFR), An\u00e1lisis de Mutaciones en Tejido (KRAS), An\u00e1lisis de Mutaciones en Tejido (BRAF\/NRAS) por PCR en tiempo real. Panel Molecular de Pulm\u00f3n en Tejido, Panel Molecular en Tejido\/Plasma y Panel Diagn\u00f3stico de Pulm\u00f3n en Tejido.<\/p>\n\n\n\n<p><br>La doctora Dickson indic\u00f3 que el c\u00e1ncer del pulm\u00f3n es una de las principales causas de mortalidad, y mencion\u00f3 adem\u00e1s, que los tumores pueden mostrar diferentes subtipos histol\u00f3gicos y agresividad variable de acuerdo con los defectos gen\u00e9ticos subyacentes.<\/p>\n\n\n\n<p><br>Asegur\u00f3 que las pruebas consisten en un ensayo \u201cin situ\u201d basado en c\u00e9lulas realizadas en muestras de tejido fijado en formol y embebido en parafina, te\u00f1ido por inmunohistoqu\u00edmica automatizada, usando un novedoso software por primera vez en la regi\u00f3n, as\u00ed como PCR en tiempo real, con amplificaci\u00f3n de \u00e1cidos nucleicos. La doctora present\u00f3 biomarcadores que combinan las dos mejores t\u00e9cnicas de identificaci\u00f3n molecular para identificar m\u00e1s de 42 mutaciones siguiendo los par\u00e1metros de sensibilidad, especificidad, reproducibilidad y precisi\u00f3n.<\/p>\n\n\n\n<p><br><strong>Sobre Referencia Laboratorio Cl\u00ednico<\/strong><br>Fue establecido en el 1983, al servicio de la salud y comprometidos con el ciclo de mejora continua.<\/p>\n\n\n\n<p><br>Cuenta con un estricto sistema de control de calidad en sus diferentes departamentos t\u00e9cnicos, avalado por un programa de evaluaci\u00f3n externa de calidad por el Colegio Americano de Pat\u00f3logos (CAP), en los Estados Unidos, as\u00ed como la Certificaci\u00f3n ISO 9001.<\/p>\n\n\n\n<p><br>Actualmente dispone de m\u00e1s de 55 centros de servicios en Santo Domingo y varios puntos de la geograf\u00eda nacional.<\/p>\n\n\n\n<p>Fuente:  Enver L\u00f3pez Milander<\/p>\n","protected":false},"excerpt":{"rendered":"<p>diariodominicano.com En dos eventos cient\u00edficos celebrados de forma simult\u00e1nea, el pasado fin de semana en la regi\u00f3n Este del pa\u00eds, Referencia Laboratorio Cl\u00ednico, present\u00f3 a sociedades m\u00e9dicas especializadas el nuevo servicio de Patolog\u00eda Molecular. Punta Cana, Hig\u00fcey, La Altagracia, R. D., 23 de noviembre, 2021.- Referencia Laboratorio Cl\u00ednico puso a disposici\u00f3n del sector salud y [&hellip;]<\/p>\n","protected":false},"author":5,"featured_media":310403,"comment_status":"closed","ping_status":"","sticky":true,"template":"","format":"standard","meta":{"footnotes":""},"categories":[20,27],"tags":[],"class_list":["post-310402","post","type-post","status-publish","format-standard","has-post-thumbnail","hentry","category-dominicana-hoy","category-portada"],"_links":{"self":[{"href":"https:\/\/diariodominicano.com\/index.php?rest_route=\/wp\/v2\/posts\/310402","targetHints":{"allow":["GET"]}}],"collection":[{"href":"https:\/\/diariodominicano.com\/index.php?rest_route=\/wp\/v2\/posts"}],"about":[{"href":"https:\/\/diariodominicano.com\/index.php?rest_route=\/wp\/v2\/types\/post"}],"author":[{"embeddable":true,"href":"https:\/\/diariodominicano.com\/index.php?rest_route=\/wp\/v2\/users\/5"}],"replies":[{"embeddable":true,"href":"https:\/\/diariodominicano.com\/index.php?rest_route=%2Fwp%2Fv2%2Fcomments&post=310402"}],"version-history":[{"count":1,"href":"https:\/\/diariodominicano.com\/index.php?rest_route=\/wp\/v2\/posts\/310402\/revisions"}],"predecessor-version":[{"id":310404,"href":"https:\/\/diariodominicano.com\/index.php?rest_route=\/wp\/v2\/posts\/310402\/revisions\/310404"}],"wp:featuredmedia":[{"embeddable":true,"href":"https:\/\/diariodominicano.com\/index.php?rest_route=\/wp\/v2\/media\/310403"}],"wp:attachment":[{"href":"https:\/\/diariodominicano.com\/index.php?rest_route=%2Fwp%2Fv2%2Fmedia&parent=310402"}],"wp:term":[{"taxonomy":"category","embeddable":true,"href":"https:\/\/diariodominicano.com\/index.php?rest_route=%2Fwp%2Fv2%2Fcategories&post=310402"},{"taxonomy":"post_tag","embeddable":true,"href":"https:\/\/diariodominicano.com\/index.php?rest_route=%2Fwp%2Fv2%2Ftags&post=310402"}],"curies":[{"name":"wp","href":"https:\/\/api.w.org\/{rel}","templated":true}]}}