{"id":310399,"date":"2021-11-23T10:26:48","date_gmt":"2021-11-23T14:26:48","guid":{"rendered":"http:\/\/diariodominicano.com\/?p=310399"},"modified":"2021-11-23T10:26:48","modified_gmt":"2021-11-23T14:26:48","slug":"israel-no-estara-sujeto-a-posible-nuevo-acuerdo-nuclear-con-iran-dice-premier","status":"publish","type":"post","link":"https:\/\/diariodominicano.com\/?p=310399","title":{"rendered":"Israel no estar\u00e1 sujeto a posible nuevo acuerdo nuclear con Ir\u00e1n, dice premier"},"content":{"rendered":"\n<p>diariodominicano.com<a rel=\"noreferrer noopener\" href=\"https:\/\/www.xinhua-news.com\/gdsdetailxhs\/share\/10639952-?pageflag=iframe\" target=\"_blank\"><\/a><\/p>\n\n\n\n<pre id=\"text-news-description\" class=\"wp-block-preformatted\">   JERUSAL\u00c9N, 23 nov (Xinhua) -- El primer ministro israel\u00ed, Naftali Bennett, dijo hoy martes que su pa\u00eds no estar\u00e1 sujeto a ning\u00fan nuevo acuerdo nuclear con Ir\u00e1n.\n   En una conferencia en la Universidad Reichman, en el norte de Tel Aviv, Bennett se\u00f1al\u00f3 que Israel est\u00e1 listo para enfrentar la confrontaci\u00f3n con Ir\u00e1n.\n   \"Israel, obviamente, no es parte del acuerdo y no est\u00e1 obligado por \u00e9l\", dijo en la conferencia.\n   Bennett describi\u00f3 a Ir\u00e1n como \"en una etapa muy avanzada de su programa nuclear\" y con una alta capacidad de enriquecimiento de uranio.\n   Dio a entender que Israel est\u00e1 listo para actuar contra su archienemigo. \"Israel debe mantener su capacidad para actuar y su libertad de acci\u00f3n, en cada situaci\u00f3n y bajo cualquier circunstancia pol\u00edtica\", afirm\u00f3.\n   Al igual que su predecesor, Benjamin Netanyahu, Bennett es un ac\u00e9rrimo oponente al acuerdo nuclear de 2015, firmado entre las potencias mundiales e Ir\u00e1n para frenar el programa nuclear iran\u00ed.\n   Israel teme que un posible nuevo acuerdo no establezca suficientes salvaguardias para evitar que Ir\u00e1n obtenga armas nucleares.\n   Bennett dijo estar preparado para un camino de colisi\u00f3n con el aliado m\u00e1s cercano de Israel, Estados Unidos. \"Estamos al comienzo de un per\u00edodo complicado. Tambi\u00e9n puede haber desacuerdos con nuestros mejores amigos\", agreg\u00f3.<\/pre>\n","protected":false},"excerpt":{"rendered":"<p>diariodominicano.com JERUSAL\u00c9N, 23 nov (Xinhua) &#8212; El primer ministro israel\u00ed, Naftali Bennett, dijo hoy martes que su pa\u00eds no estar\u00e1 sujeto a ning\u00fan nuevo acuerdo nuclear con Ir\u00e1n. En una conferencia en la Universidad Reichman, en el norte de Tel Aviv, Bennett se\u00f1al\u00f3 que Israel est\u00e1 listo para enfrentar la confrontaci\u00f3n con Ir\u00e1n. \u00abIsrael, obviamente, [&hellip;]<\/p>\n","protected":false},"author":5,"featured_media":310400,"comment_status":"closed","ping_status":"","sticky":true,"template":"","format":"standard","meta":{"footnotes":""},"categories":[23,27],"tags":[],"class_list":["post-310399","post","type-post","status-publish","format-standard","has-post-thumbnail","hentry","category-internacional","category-portada"],"_links":{"self":[{"href":"https:\/\/diariodominicano.com\/index.php?rest_route=\/wp\/v2\/posts\/310399","targetHints":{"allow":["GET"]}}],"collection":[{"href":"https:\/\/diariodominicano.com\/index.php?rest_route=\/wp\/v2\/posts"}],"about":[{"href":"https:\/\/diariodominicano.com\/index.php?rest_route=\/wp\/v2\/types\/post"}],"author":[{"embeddable":true,"href":"https:\/\/diariodominicano.com\/index.php?rest_route=\/wp\/v2\/users\/5"}],"replies":[{"embeddable":true,"href":"https:\/\/diariodominicano.com\/index.php?rest_route=%2Fwp%2Fv2%2Fcomments&post=310399"}],"version-history":[{"count":1,"href":"https:\/\/diariodominicano.com\/index.php?rest_route=\/wp\/v2\/posts\/310399\/revisions"}],"predecessor-version":[{"id":310401,"href":"https:\/\/diariodominicano.com\/index.php?rest_route=\/wp\/v2\/posts\/310399\/revisions\/310401"}],"wp:featuredmedia":[{"embeddable":true,"href":"https:\/\/diariodominicano.com\/index.php?rest_route=\/wp\/v2\/media\/310400"}],"wp:attachment":[{"href":"https:\/\/diariodominicano.com\/index.php?rest_route=%2Fwp%2Fv2%2Fmedia&parent=310399"}],"wp:term":[{"taxonomy":"category","embeddable":true,"href":"https:\/\/diariodominicano.com\/index.php?rest_route=%2Fwp%2Fv2%2Fcategories&post=310399"},{"taxonomy":"post_tag","embeddable":true,"href":"https:\/\/diariodominicano.com\/index.php?rest_route=%2Fwp%2Fv2%2Ftags&post=310399"}],"curies":[{"name":"wp","href":"https:\/\/api.w.org\/{rel}","templated":true}]}}