{"id":310397,"date":"2021-11-23T10:08:36","date_gmt":"2021-11-23T14:08:36","guid":{"rendered":"http:\/\/diariodominicano.com\/?p=310397"},"modified":"2021-11-23T10:08:36","modified_gmt":"2021-11-23T14:08:36","slug":"jose-gomez-cerda-participa-en-diversas-actividades-invitado-por-aesa-en-puerto-rico","status":"publish","type":"post","link":"https:\/\/diariodominicano.com\/?p=310397","title":{"rendered":"Jos\u00e9 G\u00f3mez Cerda participa en diversas actividades invitado por AESA en Puerto Rico"},"content":{"rendered":"\n<p>diariodominicano.com<\/p>\n\n\n\n<p>Santo Domingo, R. D., 23 de noviembre, 2021.-  Jos\u00e9 G\u00f3mez Cerda, realiz\u00f3 varias actividades en Puerto Rico, la semana pasada, en su calidad de Presidente de la Central Latinoamericana y del Caribe de Trabajadores Pensionados, Jubilados y Adultos Mayores (CLATJUPAM), invitado por la Asociaci\u00f3n Exempleados de Socios en Acci\u00f3n (AESA), para dictar una Conferencia, \u00a0en la 3er Conferencia \u00a0Puertorrique\u00f1o hacia un modelo de salud hol\u00edstica, \u00a0para los pensionadas y adultos mayores, acto que se realiz\u00f3 en el Club de Rotarios, de San Juan, Puerto Rico.<\/p>\n\n\n\n<p>El dirigente Jos\u00e9 G\u00f3mez Cerda, tambi\u00e9n se reuni\u00f3 con dirigentes del sector de pensionados de Puerto Rico, entre ellos Dwigth Rodr\u00edguez, y Andr\u00e9s Miranda, dirigentes de la CLATJUPAM, y con varios dirigentes sindicales de esa isla, entre ellos; los dirigentes Ram\u00f3n (Moncho), Fuente, y Otilio Rosado.<\/p>\n\n\n\n<p>Una reuni\u00f3n de trabajo, con&nbsp;Genoveva R\u00edos Quintero, presidenta, Lydia R. Pellot Zeno, vicepresidenta, y Maritza Pantoja, relacionista, dirigentes de AESA&nbsp;&nbsp;<\/p>\n\n\n\n<p>Particip\u00f3 en el programa de televisi\u00f3n Alianza de la Salud, que dirige el Dr. Luis Col\u00f3n, y en varios programas de radio, entre ellos el programa Mundo Obrero, de la Uni\u00f3n General de Trabajadores (UGT), que dirige&nbsp;Erasto Zayas N\u00fa\u00f1ez, en dos programas en radio Paz, del Arzobispado de San Juan, Puerto Rico, otro programa de la Asociaci\u00f3n Exempleados de Socios en Acci\u00f3n (AESA),<\/p>\n\n\n\n<p>Jos\u00e9 G\u00f3mez Cerda se reuni\u00f3 con profesores y dirigentes del Departamento de Trabajo Social, de la Universidad de R\u00edo Piedras, donde hab\u00eda estudiado mientras estuvo exiliado en Puerto Rico, entre ellos los profesores Yuly Mart\u00ednez y F\u00e9lix Bartolom\u00e9 Rodr\u00edguez. &nbsp;Adem\u00e1s, se reuni\u00f3 con dirigentes de la Federaci\u00f3n Puertorrique\u00f1a de Trabajadores (FPT), y dirigentes sociales dominicanos radicados en Puerto Rico, entre ellos Antonio Nelson Soto, comunicador y poeta.<\/p>\n\n\n\n<p>Las actividades realizadas en Puerto Rico han servido para vincular a la CLATJUPAM en relaciones importantes para sus actividades en esa isla.<\/p>\n\n\n\n<p>Jos\u00e9 G\u00f3mez Cerda<\/p>\n\n\n\n<p>Presidente de la Central Latinoamericana y del Caribe de Pensionados, Jubilados y Adultos Mayores (CLATJUPAM)<\/p>\n","protected":false},"excerpt":{"rendered":"<p>diariodominicano.com Santo Domingo, R. D., 23 de noviembre, 2021.- Jos\u00e9 G\u00f3mez Cerda, realiz\u00f3 varias actividades en Puerto Rico, la semana pasada, en su calidad de Presidente de la Central Latinoamericana y del Caribe de Trabajadores Pensionados, Jubilados y Adultos Mayores (CLATJUPAM), invitado por la Asociaci\u00f3n Exempleados de Socios en Acci\u00f3n (AESA), para dictar una Conferencia, [&hellip;]<\/p>\n","protected":false},"author":5,"featured_media":283754,"comment_status":"closed","ping_status":"","sticky":true,"template":"","format":"standard","meta":{"footnotes":""},"categories":[25,27],"tags":[],"class_list":["post-310397","post","type-post","status-publish","format-standard","has-post-thumbnail","hentry","category-gente","category-portada"],"_links":{"self":[{"href":"https:\/\/diariodominicano.com\/index.php?rest_route=\/wp\/v2\/posts\/310397","targetHints":{"allow":["GET"]}}],"collection":[{"href":"https:\/\/diariodominicano.com\/index.php?rest_route=\/wp\/v2\/posts"}],"about":[{"href":"https:\/\/diariodominicano.com\/index.php?rest_route=\/wp\/v2\/types\/post"}],"author":[{"embeddable":true,"href":"https:\/\/diariodominicano.com\/index.php?rest_route=\/wp\/v2\/users\/5"}],"replies":[{"embeddable":true,"href":"https:\/\/diariodominicano.com\/index.php?rest_route=%2Fwp%2Fv2%2Fcomments&post=310397"}],"version-history":[{"count":1,"href":"https:\/\/diariodominicano.com\/index.php?rest_route=\/wp\/v2\/posts\/310397\/revisions"}],"predecessor-version":[{"id":310398,"href":"https:\/\/diariodominicano.com\/index.php?rest_route=\/wp\/v2\/posts\/310397\/revisions\/310398"}],"wp:featuredmedia":[{"embeddable":true,"href":"https:\/\/diariodominicano.com\/index.php?rest_route=\/wp\/v2\/media\/283754"}],"wp:attachment":[{"href":"https:\/\/diariodominicano.com\/index.php?rest_route=%2Fwp%2Fv2%2Fmedia&parent=310397"}],"wp:term":[{"taxonomy":"category","embeddable":true,"href":"https:\/\/diariodominicano.com\/index.php?rest_route=%2Fwp%2Fv2%2Fcategories&post=310397"},{"taxonomy":"post_tag","embeddable":true,"href":"https:\/\/diariodominicano.com\/index.php?rest_route=%2Fwp%2Fv2%2Ftags&post=310397"}],"curies":[{"name":"wp","href":"https:\/\/api.w.org\/{rel}","templated":true}]}}