{"id":310394,"date":"2021-11-23T09:56:55","date_gmt":"2021-11-23T13:56:55","guid":{"rendered":"http:\/\/diariodominicano.com\/?p=310394"},"modified":"2021-11-23T09:56:55","modified_gmt":"2021-11-23T13:56:55","slug":"ee-uu-aconseja-evitar-viajes-a-alemania-y-dinamarca-por-aumento-de-casos-de-covid-19","status":"publish","type":"post","link":"https:\/\/diariodominicano.com\/?p=310394","title":{"rendered":"EE. UU. aconseja evitar viajes a Alemania y Dinamarca por aumento de casos de COVID-19"},"content":{"rendered":"\n<p>diariodominicano.com<\/p>\n\n\n\n<pre id=\"text-news-description\" class=\"wp-block-preformatted\">WASHINGTON, 22 nov (Xinhua) -- Los Centros para el Control y la Prevenci\u00f3n de Enfermedades (CDC) de Estados Unidos aconsejaron el lunes no viajar a Alemania y Dinamarca debido al rebrote de casos de COVID-19 en ambos pa\u00edses.\n   La gente deber\u00eda evitar sus viajes a esos dos pa\u00edses europeos, que han sido catalogados con un aviso de Nivel IV, y aquellos que tengan que viajar all\u00ed deben estar vacunados completamente primero, a\u00f1adieron.\n   En estos momentos, los CDC de EE. UU. han incluido a 75 destinos del mundo en el Nivel IV, que comprende a aquellos con m\u00e1s de 500 contagios de COVID-19 por cada 100.000 residentes en los \u00faltimos 28 d\u00edas. <\/pre>\n","protected":false},"excerpt":{"rendered":"<p>diariodominicano.com WASHINGTON, 22 nov (Xinhua) &#8212; Los Centros para el Control y la Prevenci\u00f3n de Enfermedades (CDC) de Estados Unidos aconsejaron el lunes no viajar a Alemania y Dinamarca debido al rebrote de casos de COVID-19 en ambos pa\u00edses. La gente deber\u00eda evitar sus viajes a esos dos pa\u00edses europeos, que han sido catalogados con [&hellip;]<\/p>\n","protected":false},"author":5,"featured_media":310395,"comment_status":"closed","ping_status":"","sticky":true,"template":"","format":"standard","meta":{"footnotes":""},"categories":[23,27],"tags":[],"class_list":["post-310394","post","type-post","status-publish","format-standard","has-post-thumbnail","hentry","category-internacional","category-portada"],"_links":{"self":[{"href":"https:\/\/diariodominicano.com\/index.php?rest_route=\/wp\/v2\/posts\/310394","targetHints":{"allow":["GET"]}}],"collection":[{"href":"https:\/\/diariodominicano.com\/index.php?rest_route=\/wp\/v2\/posts"}],"about":[{"href":"https:\/\/diariodominicano.com\/index.php?rest_route=\/wp\/v2\/types\/post"}],"author":[{"embeddable":true,"href":"https:\/\/diariodominicano.com\/index.php?rest_route=\/wp\/v2\/users\/5"}],"replies":[{"embeddable":true,"href":"https:\/\/diariodominicano.com\/index.php?rest_route=%2Fwp%2Fv2%2Fcomments&post=310394"}],"version-history":[{"count":1,"href":"https:\/\/diariodominicano.com\/index.php?rest_route=\/wp\/v2\/posts\/310394\/revisions"}],"predecessor-version":[{"id":310396,"href":"https:\/\/diariodominicano.com\/index.php?rest_route=\/wp\/v2\/posts\/310394\/revisions\/310396"}],"wp:featuredmedia":[{"embeddable":true,"href":"https:\/\/diariodominicano.com\/index.php?rest_route=\/wp\/v2\/media\/310395"}],"wp:attachment":[{"href":"https:\/\/diariodominicano.com\/index.php?rest_route=%2Fwp%2Fv2%2Fmedia&parent=310394"}],"wp:term":[{"taxonomy":"category","embeddable":true,"href":"https:\/\/diariodominicano.com\/index.php?rest_route=%2Fwp%2Fv2%2Fcategories&post=310394"},{"taxonomy":"post_tag","embeddable":true,"href":"https:\/\/diariodominicano.com\/index.php?rest_route=%2Fwp%2Fv2%2Ftags&post=310394"}],"curies":[{"name":"wp","href":"https:\/\/api.w.org\/{rel}","templated":true}]}}