{"id":310314,"date":"2021-11-22T23:42:47","date_gmt":"2021-11-23T03:42:47","guid":{"rendered":"http:\/\/diariodominicano.com\/?p=310314"},"modified":"2021-11-22T23:42:47","modified_gmt":"2021-11-23T03:42:47","slug":"presidente-abinader-dice-sentir-orgullo-del-personal-militar-por-su-labor-en-defensa-del-pais","status":"publish","type":"post","link":"https:\/\/diariodominicano.com\/?p=310314","title":{"rendered":"Presidente Abinader dice sentir orgullo del personal militar por su labor en defensa del pa\u00eds"},"content":{"rendered":"\n<p>diariodominicano.com<\/p>\n\n\n\n<p>Santo Domingo, R. D., 22 de noviembre, 2021.-  El presidente Luis Abinader manifest\u00f3 el orgullo que siente de los miembros de las Fuerzas Armadas por su labor en defensa del pa\u00eds.<\/p>\n\n\n\n<p>\u201cEl pueblo dominicano debe sentirse orgulloso de las Fuerzas Armadas, el Ej\u00e9rcito Nacional, la Armada, la Fuerza A\u00e9rea y de los cuerpos especializados que est\u00e1n cumpliendo una labor al servicio del pa\u00eds\u201d, expres\u00f3 el jefe de Estado.<\/p>\n\n\n\n<p>Estas declaraciones las ofreci\u00f3 el mandatario al asistir junto a la vicepresidenta, Raquel Pe\u00f1a, al acto de inauguraci\u00f3n del remozamiento de los talleres del Cuerpo de Seguridad Presidencial (CUSEP).<\/p>\n\n\n\n<p>El presidente Abinader valor\u00f3 tambi\u00e9n el trabajo de los miembros de la Fuerza A\u00e9rea, lo que a su juicio permite que los cielos del pa\u00eds est\u00e9n protegidos del narcotr\u00e1fico.<\/p>\n\n\n\n<p>\u00abTenemos que destacar a los miembros que est\u00e1n en la frontera con una dedicaci\u00f3n especial trabajando de manera fija durante 12 horas y descansando apenas 8, recorriendo nuestra frontera para garantizar nuestra integridad territorial. Eso me llena de orgullo\u00bb, indic\u00f3 el mandatario.<\/p>\n\n\n\n<p>Durante la actividad, el gobernante fue recibido con honores militares por el batall\u00f3n del Primer Regimiento Dominicano Guardia Presidencial, comandado por el general de Brigada Guillermo Caro Cruz.<\/p>\n\n\n\n<p>Felicit\u00f3 al general Cel\u00edn Rubio por todo lo realizado, ya que lo hizo con el mismo presupuesto de a\u00f1os anteriores y que con estas nuevas obras construidas se agrega calidad de vida a los miembros del CUSEP.<\/p>\n\n\n\n<p>Tambi\u00e9n anunci\u00f3 que hay varios planes para el futuro que incluyen la entrega de proyectos de viviendas y que se trabaja para que el programa \u201cFamilia Feliz\u201d llegue a todos los miembros del CUSEP, de las Fuerzas Armadas y la Polic\u00eda Nacional.<\/p>\n\n\n\n<p>De su lado, el mayor general Cel\u00edn Rubio, agradeci\u00f3 a todos por su presencia y manifest\u00f3 que desde la llegada del presidente Luis Abinader se ha enfocado en mejorar la calidad de vida de los dominicanos, de los miembros de la Fuerzas Armadas y la Polic\u00eda Nacional, y a trav\u00e9s del CUSEP, la calidad de vida y el bienestar de todos sus miembros y familiares directos.<\/p>\n\n\n\n<p>\u201cHemos asumido su discurso y durante 12 meses hemos trabajado arduamente sin fatiga y con el favor de Dios\u201d, expres\u00f3 Rubio.<\/p>\n\n\n\n<p>Asegur\u00f3 que seguir\u00e1n trabajando y que le dan la garant\u00eda al presidente Luis Abinader que se continuar\u00e1 una labor responsable.<\/p>\n\n\n\n<p>Mientras que, el general Rubio Terrero, mostr\u00f3 al presidente Abinader y a los asistentes al acto, un documental donde se recogen las memorias de un a\u00f1o de gesti\u00f3n.<\/p>\n\n\n\n<p>Posteriormente hizo tambi\u00e9n la entrega del primer libro de memorias del primer a\u00f1o de gesti\u00f3n del Cuerpo de Seguridad Presidencial.<\/p>\n\n\n\n<p>Por primera vez de forma oficial fue entonado el himno del CUSEP, interpretado por el coro de CUSEP, autor\u00eda del coronel Nicol\u00e1s Rodr\u00edguez Ram\u00edrez y m\u00fasica del maestro Manuel Tejada.<\/p>\n\n\n\n<p><strong>Remozamiento de los talleres del CUSEP<\/strong><\/p>\n\n\n\n<p>Se habilit\u00f3 la planta de tratamiento de agua potable para consumo gratuito del personal, se instalaron sistemas de agua fr\u00eda y caliente en las duchas, se acondicionaron los jardines, se remozaron el servicio el\u00e9ctrico, cuarteles, oficinas, y se cre\u00f3 la lavander\u00eda de CUSEP.<\/p>\n\n\n\n<p>Se adquiri\u00f3 un moderno equipo que permite, en casos de emergencia o desastres, establecer comunicaci\u00f3n satelital con el mundo.<\/p>\n\n\n\n<p>Adem\u00e1s, se realiz\u00f3 el saneamiento de la n\u00f3mina institucional, mejor\u00eda del seguro m\u00e9dico de m\u00e1s de mil miembros, pasando del plan b\u00e1sico a premium.<\/p>\n\n\n\n<p>Se optimizaron las condiciones del personal para mejor desenvolvimiento y mejores resultados, como el acondicionamiento de oficinas, intervenci\u00f3n de las instalaciones de la Unidad Contra Asaltos, del almac\u00e9n de repuestos, de las \u00e1reas para mec\u00e1nica, dispensador de combustibles y casa de guardia.<\/p>\n\n\n\n<p>Se construy\u00f3 un moderno comedor, panader\u00eda, cafeter\u00eda, gimnasio y dispensario m\u00e9dico, con \u00e1rea para cirug\u00edas menores, emergencia, laboratorio, consulta y ambulancias y se suplen medicamentos.<\/p>\n\n\n\n<p>Se pavimentaron las calles, se se\u00f1alizaron los parqueos y se reconstruyeron aceras, se estableci\u00f3 un sistema de seguridad perimetral a trav\u00e9s de patrullas y c\u00e1maras.<\/p>\n\n\n\n<p>Se construyeron oficinas para el departamento de ingenier\u00eda y \u00e1reas de litigaci\u00f3n, violencia de g\u00e9nero y contrataci\u00f3n de igualados para el departamento de asuntos legales.<\/p>\n\n\n\n<p>Se cre\u00f3 la unidad de drones para vigilancia de per\u00edmetros donde este el presidente, y se adquirieron dos inhibidores de frecuencia. Tambi\u00e9n se establecieron m\u00e1ximos est\u00e1ndares de seguridad en la casa presidencial.<\/p>\n\n\n\n<p>Estuvieron presentes junto al presidente, la vicepresidenta, Raquel Pe\u00f1a; el ministro de Defensa, Carlos Luciano D\u00edaz Morfa; los directores, de la Polic\u00eda Nacional, mayor general Alberto Then; del Consejo de Gesti\u00f3n Presidencial, Dio Astacio; de SeNaSa, Santiago Hazim; de INESPRE, Iv\u00e1n Hern\u00e1ndez y el presidente de la Junta de Retiros y Fondos de Pensiones de las Fuerzas Armadas, general Carlos Antonio Fern\u00e1ndez, entre otros.<\/p>\n\n\n\n<p>Fuente: Direcci\u00f3n de Estrategia y Comunicaci\u00f3n Gubernamental<\/p>\n\n\n\n<p>Ministerio Administrativo de la Presidencia de la Rep\u00fablica Dominicana<\/p>\n","protected":false},"excerpt":{"rendered":"<p>diariodominicano.com Santo Domingo, R. D., 22 de noviembre, 2021.- El presidente Luis Abinader manifest\u00f3 el orgullo que siente de los miembros de las Fuerzas Armadas por su labor en defensa del pa\u00eds. \u201cEl pueblo dominicano debe sentirse orgulloso de las Fuerzas Armadas, el Ej\u00e9rcito Nacional, la Armada, la Fuerza A\u00e9rea y de los cuerpos especializados [&hellip;]<\/p>\n","protected":false},"author":5,"featured_media":310317,"comment_status":"closed","ping_status":"","sticky":true,"template":"","format":"standard","meta":{"footnotes":""},"categories":[23,27],"tags":[],"class_list":["post-310314","post","type-post","status-publish","format-standard","has-post-thumbnail","hentry","category-internacional","category-portada"],"_links":{"self":[{"href":"https:\/\/diariodominicano.com\/index.php?rest_route=\/wp\/v2\/posts\/310314","targetHints":{"allow":["GET"]}}],"collection":[{"href":"https:\/\/diariodominicano.com\/index.php?rest_route=\/wp\/v2\/posts"}],"about":[{"href":"https:\/\/diariodominicano.com\/index.php?rest_route=\/wp\/v2\/types\/post"}],"author":[{"embeddable":true,"href":"https:\/\/diariodominicano.com\/index.php?rest_route=\/wp\/v2\/users\/5"}],"replies":[{"embeddable":true,"href":"https:\/\/diariodominicano.com\/index.php?rest_route=%2Fwp%2Fv2%2Fcomments&post=310314"}],"version-history":[{"count":1,"href":"https:\/\/diariodominicano.com\/index.php?rest_route=\/wp\/v2\/posts\/310314\/revisions"}],"predecessor-version":[{"id":310318,"href":"https:\/\/diariodominicano.com\/index.php?rest_route=\/wp\/v2\/posts\/310314\/revisions\/310318"}],"wp:featuredmedia":[{"embeddable":true,"href":"https:\/\/diariodominicano.com\/index.php?rest_route=\/wp\/v2\/media\/310317"}],"wp:attachment":[{"href":"https:\/\/diariodominicano.com\/index.php?rest_route=%2Fwp%2Fv2%2Fmedia&parent=310314"}],"wp:term":[{"taxonomy":"category","embeddable":true,"href":"https:\/\/diariodominicano.com\/index.php?rest_route=%2Fwp%2Fv2%2Fcategories&post=310314"},{"taxonomy":"post_tag","embeddable":true,"href":"https:\/\/diariodominicano.com\/index.php?rest_route=%2Fwp%2Fv2%2Ftags&post=310314"}],"curies":[{"name":"wp","href":"https:\/\/api.w.org\/{rel}","templated":true}]}}