{"id":310304,"date":"2021-11-22T23:29:42","date_gmt":"2021-11-23T03:29:42","guid":{"rendered":"http:\/\/diariodominicano.com\/?p=310304"},"modified":"2021-11-22T23:29:42","modified_gmt":"2021-11-23T03:29:42","slug":"secretario-general-de-onu-visita-a-colombia-para-verificar-implementacion-de-acuerdo-de-paz","status":"publish","type":"post","link":"https:\/\/diariodominicano.com\/?p=310304","title":{"rendered":"Secretario general de ONU visita a Colombia para verificar implementaci\u00f3n de acuerdo de paz"},"content":{"rendered":"\n<p>diariodominicano.com<a rel=\"noreferrer noopener\" href=\"https:\/\/www.xinhua-news.com\/gdsdetailxhs\/share\/10637278-?pageflag=iframe\" target=\"_blank\"><\/a><\/p>\n\n\n\n<pre id=\"text-news-description\" class=\"wp-block-preformatted\">   BOGOT\u00c1, 22 nov (Xinhua) -- El secretario general de la Organizaci\u00f3n de las Naciones Unidas (ONU), Ant\u00f3nio Guterres, lleg\u00f3 este lunes a Bogot\u00e1 para verificar los avances en la implementaci\u00f3n del acuerdo de paz que fue ratificado hace cinco a\u00f1os entre el Gobierno colombiano y la guerrilla de las Fuerzas Armadas Revolucionarias de Colombia (FARC).\n   A su llegada al Aeropuerto Internacional El Dorado, Guterres, quien fue recibido por la ministra de Relaciones Exteriores colombiana, Marta Luc\u00eda Ram\u00edrez, record\u00f3 la importancia de la firma del acuerdo de paz que puso fin a m\u00e1s de 50 a\u00f1os de guerra en el pa\u00eds suramericano.\n   \"Solidaridad con el pueblo colombiano que da hoy al mundo un ejemplo muy importante de afirmaci\u00f3n de la paz. Un mundo en el que desafortunadamente vemos tantos conflictos. Es muy importante visitar un pa\u00eds en el que se construye la paz\", expres\u00f3 Guterres.\n   Agreg\u00f3 que para la ONU es muy importante la generosidad del Gobierno y del pueblo de Colombia con los migrantes en los \u00faltimos a\u00f1os.\n   Guterres se\u00f1al\u00f3 que su visita de campo a Colombia para verificar los avances en la implementaci\u00f3n del acuerdo de paz es la primera que hace en medio de la emergencia por la pandemia de COVID-19.\n   La ONU acompa\u00f1\u00f3 el proceso de paz en Colombia desde los di\u00e1logos de La Habana y luego con el establecimiento de la Misi\u00f3n Pol\u00edtica Especial y la Misi\u00f3n de Verificaci\u00f3n, establecidas por el Consejo de Seguridad tras la solicitud de las partes que firmaron el Acuerdo Final de Paz.\n   Este martes se realizar\u00e1 un evento conmemorativo de los cinco a\u00f1os de la firma del Acuerdo Final en el municipio de Carepa, ubicado en la subregi\u00f3n de Urab\u00e1, departamento de Antioquia.\n   El 24 de noviembre de 2016 el entonces presidente colombiano, Juan Manuel Santos, y el l\u00edder de la ahora extinta guerrilla de las FARC, Rodrigo Londo\u00f1o, ratificaron en el Teatro Col\u00f3n de Bogot\u00e1 el acuerdo de paz que termin\u00f3 con el conflicto que dej\u00f3 m\u00e1s de ocho millones de v\u00edctimas.<\/pre>\n","protected":false},"excerpt":{"rendered":"<p>diariodominicano.com BOGOT\u00c1, 22 nov (Xinhua) &#8212; El secretario general de la Organizaci\u00f3n de las Naciones Unidas (ONU), Ant\u00f3nio Guterres, lleg\u00f3 este lunes a Bogot\u00e1 para verificar los avances en la implementaci\u00f3n del acuerdo de paz que fue ratificado hace cinco a\u00f1os entre el Gobierno colombiano y la guerrilla de las Fuerzas Armadas Revolucionarias de Colombia [&hellip;]<\/p>\n","protected":false},"author":5,"featured_media":310312,"comment_status":"closed","ping_status":"","sticky":true,"template":"","format":"standard","meta":{"footnotes":""},"categories":[23,27],"tags":[],"class_list":["post-310304","post","type-post","status-publish","format-standard","has-post-thumbnail","hentry","category-internacional","category-portada"],"_links":{"self":[{"href":"https:\/\/diariodominicano.com\/index.php?rest_route=\/wp\/v2\/posts\/310304","targetHints":{"allow":["GET"]}}],"collection":[{"href":"https:\/\/diariodominicano.com\/index.php?rest_route=\/wp\/v2\/posts"}],"about":[{"href":"https:\/\/diariodominicano.com\/index.php?rest_route=\/wp\/v2\/types\/post"}],"author":[{"embeddable":true,"href":"https:\/\/diariodominicano.com\/index.php?rest_route=\/wp\/v2\/users\/5"}],"replies":[{"embeddable":true,"href":"https:\/\/diariodominicano.com\/index.php?rest_route=%2Fwp%2Fv2%2Fcomments&post=310304"}],"version-history":[{"count":1,"href":"https:\/\/diariodominicano.com\/index.php?rest_route=\/wp\/v2\/posts\/310304\/revisions"}],"predecessor-version":[{"id":310313,"href":"https:\/\/diariodominicano.com\/index.php?rest_route=\/wp\/v2\/posts\/310304\/revisions\/310313"}],"wp:featuredmedia":[{"embeddable":true,"href":"https:\/\/diariodominicano.com\/index.php?rest_route=\/wp\/v2\/media\/310312"}],"wp:attachment":[{"href":"https:\/\/diariodominicano.com\/index.php?rest_route=%2Fwp%2Fv2%2Fmedia&parent=310304"}],"wp:term":[{"taxonomy":"category","embeddable":true,"href":"https:\/\/diariodominicano.com\/index.php?rest_route=%2Fwp%2Fv2%2Fcategories&post=310304"},{"taxonomy":"post_tag","embeddable":true,"href":"https:\/\/diariodominicano.com\/index.php?rest_route=%2Fwp%2Fv2%2Ftags&post=310304"}],"curies":[{"name":"wp","href":"https:\/\/api.w.org\/{rel}","templated":true}]}}