{"id":310277,"date":"2021-11-22T22:51:38","date_gmt":"2021-11-23T02:51:38","guid":{"rendered":"http:\/\/diariodominicano.com\/?p=310277"},"modified":"2021-11-22T22:55:37","modified_gmt":"2021-11-23T02:55:37","slug":"agora-mall-invita-a-descubrir-el-espiritu-y-la-alegria-de-la-navidad-con-todo-lo-que-necesitas-para-celebrar-las-fiestas","status":"publish","type":"post","link":"https:\/\/diariodominicano.com\/?p=310277","title":{"rendered":"\u00c1gora Mall invita a descubrir el esp\u00edritu y la alegr\u00eda de la navidad,  con todo lo que necesitas para celebrar las fiestas"},"content":{"rendered":"\n<p>diariodominicano.com<\/p>\n\n\n\n<p><strong><em><u>El tradicional \u00e1rbol que canta, la estaci\u00f3n de Belenes de Palos y el Trineo de Santa son parte de una experiencia inolvidable<\/u><\/em><\/strong><\/p>\n\n\n\n<p><br>Santo Domingo, R. D.,  22 de noviembre, 2021.-  Como cada a\u00f1o, \u00c1gora Mall&nbsp;est\u00e1 lista&nbsp;para&nbsp;recibir a sus visitantes y sumergirlos en una experiencia&nbsp;segura, conveniente, completa y&nbsp;multisensorial, &nbsp;a trav\u00e9s de un recorrido por diferentes estaciones para el disfrute de grandes y chicos.<\/p>\n\n\n\n<p>El recorrido &nbsp;incluye&nbsp;una Aldea de Santa donde&nbsp;toda la familia podr\u00e1 tomarse fotos con el famoso personaje del polo norte en su trineo y recibir de manera gratuita sus im\u00e1genes durante los jueves a domingo de noviembre y diciembre.<\/p>\n\n\n\n<p>Asimismo, nuestros visitantes podr\u00e1n disfrutar de una de las estampas m\u00e1s caracter\u00edsticas de nuestra tradici\u00f3n navide\u00f1a el nacimiento del ni\u00f1o Jes\u00fas interpretado en \u201cBelenes de Santos De Palo\u201d estaci\u00f3n &nbsp;que permanecer\u00e1 abierta desde noviembre hasta enero.<\/p>\n\n\n\n<p>\u201cPara que la navidad en \u00c1gora se luzca con todo su esplendor este a\u00f1o volver\u00e1 el \u00c1rbol que Canta, con presentaciones de 48 coros, m\u00e1s de un centenar de voces que se presentar\u00e1n de lunes a domingo en el atrio del nivel 1\u201d, inform\u00f3&nbsp;Roc\u00edo S\u00e1nchez gerente de mercadeo del mall durante la actividad de inauguraci\u00f3n de la temporada navide\u00f1a.<\/p>\n\n\n\n<p>\u201cCada a\u00f1o nuestra navidad brinda oportunidades a las familias que nos visitan para que participen y sean protagonistas de cada de las actividades que hacemos.&nbsp; Son sus rostros, las historias que escriben en nuestros pasillos lo que le da sentido a esta temporada que nos une alrededor de grandes bolas de cristal para tomarnos fotos, o con la imagen del Reno Rodolfo que se pasea tendido por el espacio de una aldea recreada por&nbsp;varias casas y cada&nbsp;una de ellas permanecer\u00e1 con las puertas abiertas para recibirles y que juntos podamos recrear la magia y ese sentimiento de esperanza que nos une\u201d,&nbsp;enfatiz\u00f3&nbsp;S\u00e1nchez.<\/p>\n\n\n\n<p><strong>Todas las facilidades&nbsp;que necesitas para unas compras c\u00f3modas y seguras. &nbsp;<\/strong><\/p>\n\n\n\n<p>\u00c1gora&nbsp;Mall brinda a los visitantes todas las facilidades necesarias para que disfruten de una experiencia inolvidable en familia y grupos de amigos.&nbsp; Durante los meses de noviembre y diciembre&nbsp;estar\u00e1n&nbsp;funcionando&nbsp;parqueos adicionales en la Direcci\u00f3n General de Aduanas adem\u00e1s de la torre de parqueos del mall.<\/p>\n\n\n\n<p>Asimismo,&nbsp;se ofrecer\u00e1 el servicio de paqueter\u00eda&nbsp;del 3 al 24 de diciembre permitiendo a los visitantes hacer sus compras, guardar sus paquetes, y solo retirarlo al momento de marcharse del mall.<\/p>\n\n\n\n<p>La solidaridad es un elemento que est\u00e1 presente todo el a\u00f1o en el mall y para esta temporada se realizar\u00e1n jornadas de Envolturas de Esperanzas&nbsp;junto a la Fundaci\u00f3n&nbsp;Reg\u00e1lame Esperanza&nbsp;los dias 4,5, 11, 12&nbsp;y&nbsp;del 17 al 24 de diciembre.&nbsp; A trav\u00e9s de esta plataforma estaremos recaudando fondos para 4&nbsp;fundaciones: Pasitos de Alegr\u00eda, la Fundaci\u00f3n de Pedro Mart\u00ednez, Muchacho y Muchachas con Don Bosco y la Fundaci\u00f3n RODI, cuatros instituciones que trabajan por el bienestar de poblaciones en condiciones de vulnerabilidad<\/p>\n\n\n\n<p>Para asegurar que todos tengan tiempo para realizar sus compras, \u00c1gora funcionar\u00e1 en horarios extendidos durante el mes de diciembre que permitir\u00e1 mayor tiempo para disfrutar de esta experiencia y poder adquirir todo lo que sus consumidores necesitan para que esta temporada sea la m\u00e1s especial de todas.<\/p>\n\n\n\n<p>Tambi\u00e9n durante el mes de diciembre tendremos ediciones especiales del Mercado Central durante los fines de semanas permiti\u00e9ndole a los artesanos, peque\u00f1os productores y emprendedores vender sus productos y enriquecer nuestra oferta para opciones de regalos.<\/p>\n\n\n\n<p>Fuente:  <strong><em>Maribel E. Hern\u00e1ndez D.<\/em><\/strong><\/p>\n","protected":false},"excerpt":{"rendered":"<p>diariodominicano.com El tradicional \u00e1rbol que canta, la estaci\u00f3n de Belenes de Palos y el Trineo de Santa son parte de una experiencia inolvidable Santo Domingo, R. D., 22 de noviembre, 2021.- Como cada a\u00f1o, \u00c1gora Mall&nbsp;est\u00e1 lista&nbsp;para&nbsp;recibir a sus visitantes y sumergirlos en una experiencia&nbsp;segura, conveniente, completa y&nbsp;multisensorial, &nbsp;a trav\u00e9s de un recorrido por diferentes [&hellip;]<\/p>\n","protected":false},"author":5,"featured_media":310278,"comment_status":"closed","ping_status":"","sticky":true,"template":"","format":"standard","meta":{"footnotes":""},"categories":[25,27],"tags":[],"class_list":["post-310277","post","type-post","status-publish","format-standard","has-post-thumbnail","hentry","category-gente","category-portada"],"_links":{"self":[{"href":"https:\/\/diariodominicano.com\/index.php?rest_route=\/wp\/v2\/posts\/310277","targetHints":{"allow":["GET"]}}],"collection":[{"href":"https:\/\/diariodominicano.com\/index.php?rest_route=\/wp\/v2\/posts"}],"about":[{"href":"https:\/\/diariodominicano.com\/index.php?rest_route=\/wp\/v2\/types\/post"}],"author":[{"embeddable":true,"href":"https:\/\/diariodominicano.com\/index.php?rest_route=\/wp\/v2\/users\/5"}],"replies":[{"embeddable":true,"href":"https:\/\/diariodominicano.com\/index.php?rest_route=%2Fwp%2Fv2%2Fcomments&post=310277"}],"version-history":[{"count":3,"href":"https:\/\/diariodominicano.com\/index.php?rest_route=\/wp\/v2\/posts\/310277\/revisions"}],"predecessor-version":[{"id":310283,"href":"https:\/\/diariodominicano.com\/index.php?rest_route=\/wp\/v2\/posts\/310277\/revisions\/310283"}],"wp:featuredmedia":[{"embeddable":true,"href":"https:\/\/diariodominicano.com\/index.php?rest_route=\/wp\/v2\/media\/310278"}],"wp:attachment":[{"href":"https:\/\/diariodominicano.com\/index.php?rest_route=%2Fwp%2Fv2%2Fmedia&parent=310277"}],"wp:term":[{"taxonomy":"category","embeddable":true,"href":"https:\/\/diariodominicano.com\/index.php?rest_route=%2Fwp%2Fv2%2Fcategories&post=310277"},{"taxonomy":"post_tag","embeddable":true,"href":"https:\/\/diariodominicano.com\/index.php?rest_route=%2Fwp%2Fv2%2Ftags&post=310277"}],"curies":[{"name":"wp","href":"https:\/\/api.w.org\/{rel}","templated":true}]}}