{"id":310273,"date":"2021-11-22T22:22:15","date_gmt":"2021-11-23T02:22:15","guid":{"rendered":"http:\/\/diariodominicano.com\/?p=310273"},"modified":"2021-11-22T22:22:15","modified_gmt":"2021-11-23T02:22:15","slug":"flujo-migratorio-inedito-en-centroamerica-entre-crisis-y-efectos-llamada","status":"publish","type":"post","link":"https:\/\/diariodominicano.com\/?p=310273","title":{"rendered":"Flujo migratorio in\u00e9dito en Centroam\u00e9rica, entre crisis y \u00abefectos llamada\u00bb"},"content":{"rendered":"\n<p>diariodominicano.com<\/p>\n\n\n\n<p><a rel=\"noreferrer noopener\" href=\"https:\/\/www.xinhua-news.com\/gdsdetailxhs\/share\/10636881-?pageflag=iframe\" target=\"_blank\"><\/a>   Por Jos\u00e9 Gabriel Mart\u00ednez   <\/p>\n\n\n\n<p> MEXICO, 22 nov (Xinhua) &#8212; El 2021 ha sido para Centroam\u00e9rica no s\u00f3lo otro a\u00f1o de pandemia del nuevo coronavirus (COVID-19), sino tambi\u00e9n uno de flujo migratorio in\u00e9dito.   <\/p>\n\n\n\n<p> Entre el 1 de octubre de 2020 y el 30 de septiembre de 2021, el n\u00famero de migrantes detenidos por autoridades estadounidenses, la mayor\u00eda centroamericanos y haitianos, alcanz\u00f3 el m\u00e1ximo hist\u00f3rico para un a\u00f1o fiscal de 1.734.686, de acuerdo con datos de la Oficina de Aduana y Protecci\u00f3n Fronteriza de Estados Unidos. <\/p>\n\n\n\n<p>   En M\u00e9xico, \u00faltimo pa\u00eds de tr\u00e1nsito para quienes emprenden la migraci\u00f3n irregular por tierra hacia Estados Unidos, se contabilizaron de enero a agosto m\u00e1s de 147.000 migrantes irregulares, el triple de lo registrado en igual per\u00edodo de 2020, seg\u00fan cifras del Instituto Nacional de Migraci\u00f3n (INM).  <\/p>\n\n\n\n<p>  Una caravana migrante transita actualmente mermada por el estado mexicano de Veracruz tras 28 d\u00edas de recorrido desde la ciudad de Tapachula, en Chiapas, y fronteriza con Guatemala, mientras otra parti\u00f3 del mismo lugar el 18 de noviembre para un\u00edrsele y proseguir a la frontera con Estados Unidos.  <\/p>\n\n\n\n<p>  Las autoridades mexicanas han afirmado que los integrantes del primer contingente, que llegaron a sumar en los primeros d\u00edas cerca de 4.000 y hoy apenas llegan al millar, fueron enga\u00f1ados con la idea de que los van a dejar ingresar a Estados Unidos.    Gobiernos de la regi\u00f3n y expertos atribuyen el incremento del flujo migratorio a enga\u00f1os y malentendidos de esa \u00edndole, adem\u00e1s de a la crisis econ\u00f3mica derivada de la pandemia de COVID-19.  <\/p>\n\n\n\n<p>  Tales enga\u00f1os derivan de lo que se conoce como \u00abefecto llamada\u00bb, t\u00e9rmino que refiere a una pol\u00edtica de acogida o de liberalizaci\u00f3n de tr\u00e1mites para facilitar el proceso migratorio, cuyos efectos pueden ser programados o imprevistos, a partir de anuncios y declaraciones mal interpretadas.   <\/p>\n\n\n\n<p> El a\u00f1o ha estado marcado por estos \u00abefectos llamada\u00bb como consecuencia de anuncios de cambios en pol\u00edtica migratoria de la actual administraci\u00f3n estadounidense.   <\/p>\n\n\n\n<p> ENGA\u00d1OS Y CREENCIAS    <\/p>\n\n\n\n<p>Adem\u00e1s de las actuales caravanas, M\u00e9xico enfrent\u00f3 de septiembre a noviembre otras concentraciones de migrantes como consecuencia de \u00abefectos llamada\u00bb, enga\u00f1os y creencias.  <\/p>\n\n\n\n<p>  La extensi\u00f3n del estatus de protecci\u00f3n temporal (TPS, por sus siglas en ingl\u00e9s) a los migrantes haitianos en Estados Unidos provoc\u00f3 que unas 14.000 personas, la gran mayor\u00eda de esa nacionalidad, quedaran atrapadas a finales de septiembre bajo el puente internacional de Del R\u00edo, Texas, y en Ciudad Acu\u00f1a, en el estado mexicano de Coahuila (noreste).    La escena dej\u00f3 im\u00e1genes de maltrato f\u00edsico a los migrantes por agentes fronterizos estadounidenses, un hecho condenado por la comunidad internacional. <\/p>\n\n\n\n<p>   El canciller mexicano, Marcelo Ebrard, explic\u00f3 que los haitianos fueron enga\u00f1ados o malinterpretaron la extensi\u00f3n del TPS. Pensaron que recibir\u00edan asilo en Estados Unidos, cuando la medida s\u00f3lo aplicaba para los que ya estaban all\u00ed. <\/p>\n\n\n\n<p>   Similares enga\u00f1os, seg\u00fan las autoridades mexicanas, sufrieron los migrantes de cuatro caravanas que se formaron en apenas ocho d\u00edas desde el 28 de agosto, y de las dos que actualmente buscan llegar a la frontera del norte\u00f1o estado mexicano de Sonora con Arizona, Estados Unidos. <\/p>\n\n\n\n<p>   La reapertura de la frontera M\u00e9xico-Estados Unidos a actividades no esenciales el 8 de noviembre ha provocado un nuevo \u00abefecto llamada\u00bb, argumentaron los organizadores de la caravana que recorre Veracruz para fijar su \u00fanico destino en la frontera, luego de que inicialmente manifestaran que el objetivo era llegar a la Ciudad de M\u00e9xico para agilizar tr\u00e1mites de regulaci\u00f3n migratoria.   <\/p>\n\n\n\n<div class=\"wp-block-image\"><figure class=\"alignleft size-full is-resized\"><img loading=\"lazy\" decoding=\"async\" src=\"https:\/\/diariodominicano.com\/wp-content\/uploads\/2021\/11\/Agentes-controlancaravanamigrantes22-11-21.jpg\" alt=\"\" class=\"wp-image-310275\" width=\"307\" height=\"211\" srcset=\"https:\/\/diariodominicano.com\/wp-content\/uploads\/2021\/11\/Agentes-controlancaravanamigrantes22-11-21.jpg 490w, https:\/\/diariodominicano.com\/wp-content\/uploads\/2021\/11\/Agentes-controlancaravanamigrantes22-11-21-300x206.jpg 300w\" sizes=\"auto, (max-width: 307px) 100vw, 307px\" \/><\/figure><\/div>\n\n\n\n<p> Tambi\u00e9n con la creencia de que ser\u00e1n recibidos en Estados Unidos, cerca de mil migrantes, incluidos 300 menores y ciudadanos mexicanos, permanecen desde febrero en un campamento en la garita peatonal de El Chaparral, en Tijuana, Baja California (noroeste), lo que impidi\u00f3 la apertura de ese cruce fronterizo entre M\u00e9xico y Estados Unidos el 8 de noviembre. <\/p>\n\n\n\n<p>   En otros puntos del norte mexicano la reapertura de la frontera a actividades no esenciales ha sido confundida con tr\u00e1mites de asilo, y ello conlleva a un mayor flujo de migrantes en localidades con cruces fronterizos.   <\/p>\n\n\n\n<p> CONSIDERACIONES DE EXPERTOS  <\/p>\n\n\n\n<p>  Los albergues de migrantes en todo M\u00e9xico se ven rebasados conforme 2021 da sus \u00faltimos compases, una situaci\u00f3n a la que expertos consultados por Xinhua no le ven soluci\u00f3n en el corto plazo. <\/p>\n\n\n\n<p>   Para el profesor e investigador de la Facultad Latinoamericana de Ciencias Sociales, Rodolfo Casillas, la atenci\u00f3n a las causas estructurales de la migraci\u00f3n contemplada en el nuevo enfoque de los gobiernos de M\u00e9xico y Estados Unidos es una medida coadyuvante que podr\u00e1 tener resultados cuando se aplique, pero no de manera inmediata.  <\/p>\n\n\n\n<p>  Por ello, afirm\u00f3, la pol\u00edtica de contenci\u00f3n en M\u00e9xico se va a mantener, lo que hace que ante el crecimiento del flujo migratorio irregular el pa\u00eds pague \u00abun alto costo pol\u00edtico, cuando el principal beneficiario es Estados Unidos\u00bb.  <\/p>\n\n\n\n<p>  En este \u00faltimo pa\u00eds, la visi\u00f3n del fen\u00f3meno migratorio est\u00e1 muy permeada por la idea de la migraci\u00f3n econ\u00f3mica indocumentada, lo que impide que su frontera con M\u00e9xico est\u00e9 preparada para manejar flujos distintos que necesitan protecci\u00f3n humanitaria, analiz\u00f3 la presidenta de El Colegio de M\u00e9xico, Silvia Giorguli. <\/p>\n\n\n\n<p>   La acad\u00e9mica estim\u00f3 que el continente americano es muy m\u00f3vil en materia migratoria, y prepararse para gestionar esa movilidad es un elemento clave en el tratamiento de la migraci\u00f3n.   <\/p>\n\n\n\n<p> Sin embargo, afirm\u00f3, la falta de condiciones y preparaci\u00f3n en Estados Unidos y M\u00e9xico propicia situaciones cr\u00edticas como las que dejaron \u00abrepudiables\u00bb im\u00e1genes de maltratos y violaciones de derechos.    Tales carencias est\u00e1n condicionadas, a juicio de la acad\u00e9mica, por el hecho de que \u00abno hay congruencia entre las pol\u00edticas que se anuncian y los recursos para atender y responder\u00bb, lo que no permite avizorar escenarios distintos en el corto plazo.<\/p>\n\n\n\n<p><\/p>\n","protected":false},"excerpt":{"rendered":"<p>diariodominicano.com Por Jos\u00e9 Gabriel Mart\u00ednez MEXICO, 22 nov (Xinhua) &#8212; El 2021 ha sido para Centroam\u00e9rica no s\u00f3lo otro a\u00f1o de pandemia del nuevo coronavirus (COVID-19), sino tambi\u00e9n uno de flujo migratorio in\u00e9dito. Entre el 1 de octubre de 2020 y el 30 de septiembre de 2021, el n\u00famero de migrantes detenidos por autoridades estadounidenses, [&hellip;]<\/p>\n","protected":false},"author":5,"featured_media":310274,"comment_status":"closed","ping_status":"","sticky":true,"template":"","format":"standard","meta":{"footnotes":""},"categories":[23,27],"tags":[],"class_list":["post-310273","post","type-post","status-publish","format-standard","has-post-thumbnail","hentry","category-internacional","category-portada"],"_links":{"self":[{"href":"https:\/\/diariodominicano.com\/index.php?rest_route=\/wp\/v2\/posts\/310273","targetHints":{"allow":["GET"]}}],"collection":[{"href":"https:\/\/diariodominicano.com\/index.php?rest_route=\/wp\/v2\/posts"}],"about":[{"href":"https:\/\/diariodominicano.com\/index.php?rest_route=\/wp\/v2\/types\/post"}],"author":[{"embeddable":true,"href":"https:\/\/diariodominicano.com\/index.php?rest_route=\/wp\/v2\/users\/5"}],"replies":[{"embeddable":true,"href":"https:\/\/diariodominicano.com\/index.php?rest_route=%2Fwp%2Fv2%2Fcomments&post=310273"}],"version-history":[{"count":1,"href":"https:\/\/diariodominicano.com\/index.php?rest_route=\/wp\/v2\/posts\/310273\/revisions"}],"predecessor-version":[{"id":310276,"href":"https:\/\/diariodominicano.com\/index.php?rest_route=\/wp\/v2\/posts\/310273\/revisions\/310276"}],"wp:featuredmedia":[{"embeddable":true,"href":"https:\/\/diariodominicano.com\/index.php?rest_route=\/wp\/v2\/media\/310274"}],"wp:attachment":[{"href":"https:\/\/diariodominicano.com\/index.php?rest_route=%2Fwp%2Fv2%2Fmedia&parent=310273"}],"wp:term":[{"taxonomy":"category","embeddable":true,"href":"https:\/\/diariodominicano.com\/index.php?rest_route=%2Fwp%2Fv2%2Fcategories&post=310273"},{"taxonomy":"post_tag","embeddable":true,"href":"https:\/\/diariodominicano.com\/index.php?rest_route=%2Fwp%2Fv2%2Ftags&post=310273"}],"curies":[{"name":"wp","href":"https:\/\/api.w.org\/{rel}","templated":true}]}}