{"id":310255,"date":"2021-11-22T21:46:17","date_gmt":"2021-11-23T01:46:17","guid":{"rendered":"http:\/\/diariodominicano.com\/?p=310255"},"modified":"2021-11-22T21:46:17","modified_gmt":"2021-11-23T01:46:17","slug":"acusan-de-cinco-cargos-de-homicidio-intencional-a-hombre-de-wisconsin-eeuu","status":"publish","type":"post","link":"https:\/\/diariodominicano.com\/?p=310255","title":{"rendered":"Acusan de cinco cargos de homicidio intencional a hombre de Wisconsin, EEUU"},"content":{"rendered":"\n<p>diariodominicano.com<\/p>\n\n\n\n<p>  CHICAGO, 22 nov (Xinhua) &#8212; Un hombre de 39 a\u00f1os de edad de Milwaukee, una ciudad de Wisconsin, Estados Unidos, enfrenta cinco cargos de homicidio intencional en primer grado luego de arremeter con un veh\u00edculo contra un desfile que se realizaba la noche del domingo en Waukesha, Wisconsin, lo que dej\u00f3 cinco muertos y m\u00e1s de 40 heridos.   <\/p>\n\n\n\n<p> Los cinco muertos ten\u00edan entre 52 y 81 a\u00f1os y entre los heridos hay 18 menores de edad de entre tres y 16 a\u00f1os, dijo el jefe de polic\u00eda de Waukesha, Dan Thompson, en una conferencia de prensa realizada la tarde de hoy lunes.<\/p>\n\n\n\n<div class=\"wp-block-image\"><figure class=\"alignleft size-full is-resized\"><img loading=\"lazy\" decoding=\"async\" src=\"https:\/\/diariodominicano.com\/wp-content\/uploads\/2021\/11\/conductor-Wisconsin22-11-21.jpg\" alt=\"\" class=\"wp-image-310263\" width=\"302\" height=\"138\" srcset=\"https:\/\/diariodominicano.com\/wp-content\/uploads\/2021\/11\/conductor-Wisconsin22-11-21.jpg 675w, https:\/\/diariodominicano.com\/wp-content\/uploads\/2021\/11\/conductor-Wisconsin22-11-21-300x137.jpg 300w\" sizes=\"auto, (max-width: 302px) 100vw, 302px\" \/><\/figure><\/div>\n\n\n\n<p>    De los 18 menores lesionados, diez se encuentran en unidades de cuidados intensivos y seis en estado cr\u00edtico, dijo el oficial.    La polic\u00eda indic\u00f3 que las primeras etapas de la investigaci\u00f3n no han proporcionado evidencia de alguna conexi\u00f3n del incidente con terrorismo.  <\/p>\n\n\n\n<p>  El sospechoso, Darrell Brooks, tiene antecedentes penales significativos. El hombre fue liberado tras pagar una fianza de 1.000 d\u00f3lares en un caso penal anterior en el que fue acusado de atropellar a la madre de su hijo en el estacionamiento de una gasolinera de Milwaukee.<\/p>\n","protected":false},"excerpt":{"rendered":"<p>diariodominicano.com CHICAGO, 22 nov (Xinhua) &#8212; Un hombre de 39 a\u00f1os de edad de Milwaukee, una ciudad de Wisconsin, Estados Unidos, enfrenta cinco cargos de homicidio intencional en primer grado luego de arremeter con un veh\u00edculo contra un desfile que se realizaba la noche del domingo en Waukesha, Wisconsin, lo que dej\u00f3 cinco muertos y [&hellip;]<\/p>\n","protected":false},"author":5,"featured_media":310262,"comment_status":"closed","ping_status":"","sticky":true,"template":"","format":"standard","meta":{"footnotes":""},"categories":[23,27],"tags":[],"class_list":["post-310255","post","type-post","status-publish","format-standard","has-post-thumbnail","hentry","category-internacional","category-portada"],"_links":{"self":[{"href":"https:\/\/diariodominicano.com\/index.php?rest_route=\/wp\/v2\/posts\/310255","targetHints":{"allow":["GET"]}}],"collection":[{"href":"https:\/\/diariodominicano.com\/index.php?rest_route=\/wp\/v2\/posts"}],"about":[{"href":"https:\/\/diariodominicano.com\/index.php?rest_route=\/wp\/v2\/types\/post"}],"author":[{"embeddable":true,"href":"https:\/\/diariodominicano.com\/index.php?rest_route=\/wp\/v2\/users\/5"}],"replies":[{"embeddable":true,"href":"https:\/\/diariodominicano.com\/index.php?rest_route=%2Fwp%2Fv2%2Fcomments&post=310255"}],"version-history":[{"count":1,"href":"https:\/\/diariodominicano.com\/index.php?rest_route=\/wp\/v2\/posts\/310255\/revisions"}],"predecessor-version":[{"id":310264,"href":"https:\/\/diariodominicano.com\/index.php?rest_route=\/wp\/v2\/posts\/310255\/revisions\/310264"}],"wp:featuredmedia":[{"embeddable":true,"href":"https:\/\/diariodominicano.com\/index.php?rest_route=\/wp\/v2\/media\/310262"}],"wp:attachment":[{"href":"https:\/\/diariodominicano.com\/index.php?rest_route=%2Fwp%2Fv2%2Fmedia&parent=310255"}],"wp:term":[{"taxonomy":"category","embeddable":true,"href":"https:\/\/diariodominicano.com\/index.php?rest_route=%2Fwp%2Fv2%2Fcategories&post=310255"},{"taxonomy":"post_tag","embeddable":true,"href":"https:\/\/diariodominicano.com\/index.php?rest_route=%2Fwp%2Fv2%2Ftags&post=310255"}],"curies":[{"name":"wp","href":"https:\/\/api.w.org\/{rel}","templated":true}]}}