{"id":310247,"date":"2021-11-22T21:31:15","date_gmt":"2021-11-23T01:31:15","guid":{"rendered":"http:\/\/diariodominicano.com\/?p=310247"},"modified":"2021-11-22T22:59:32","modified_gmt":"2021-11-23T02:59:32","slug":"fedohockey-celebrara-copa-navidena-dedicada-a-rafael-sosa","status":"publish","type":"post","link":"https:\/\/diariodominicano.com\/?p=310247","title":{"rendered":"Fedohockey celebrar\u00e1 Copa Navide\u00f1a dedicada a Rafael Sosa"},"content":{"rendered":"\n<p> <strong>Directivos de la FDH junto a jugadores de la selecci\u00f3n.&nbsp; <\/strong><\/p>\n\n\n\n<p><strong>SANTO DOMINGO<\/strong>.- La Federaci\u00f3n Dominicana de Hockey Sobre C\u00e9sped (FDH), anunci\u00f3 este s\u00e1bado que celebrar\u00e1 otra vez su Copa Navide\u00f1a, que para esta ocasi\u00f3n tendr\u00e1 una dedicaci\u00f3n p\u00f3stuma al fenecido Rafael Sosa, expresidente de la instituci\u00f3n.<\/p>\n\n\n\n<p>La informaci\u00f3n la dio a conocer Miguel Hern\u00e1ndez, presidente de la FDH en rueda de prensa, quien indic\u00f3 que la tradicional justa ser\u00e1 celebrada los d\u00edas 18 y 19 diciembre del presente a\u00f1o.<\/p>\n\n\n\n<p>\u201cQueremos anunciar a la prensa nacional y al pa\u00eds nuestra tradicional Copa Navide\u00f1a, que para la ocasi\u00f3n ser\u00e1 dedicada al buen amigo y siempre recordado Rafael Sosa\u201d, expres\u00f3 Hern\u00e1ndez, quien dio las gracias al Ministerio de Deportes y al Comit\u00e9 Ol\u00edmpico Dominicano por el apoyo para el evento, tambi\u00e9n a los miembros del comit\u00e9 ejecutivo de la FDH y a los atletas presentes en el acto.<\/p>\n\n\n\n<p>Rafael Suero, de la direcci\u00f3n t\u00e9cnica, detall\u00f3 que el evento se jugar\u00e1 en ambas ramas, tanto en masculino como en femenino.<\/p>\n\n\n\n<figure class=\"wp-block-image size-large\"><img loading=\"lazy\" decoding=\"async\" width=\"1024\" height=\"620\" src=\"https:\/\/diariodominicano.com\/wp-content\/uploads\/2021\/11\/WhatsApp-Image-2021-11-20-at-13.26.56-1024x620.jpeg\" alt=\"\" class=\"wp-image-310252\" srcset=\"https:\/\/diariodominicano.com\/wp-content\/uploads\/2021\/11\/WhatsApp-Image-2021-11-20-at-13.26.56-1024x620.jpeg 1024w, https:\/\/diariodominicano.com\/wp-content\/uploads\/2021\/11\/WhatsApp-Image-2021-11-20-at-13.26.56-300x182.jpeg 300w, https:\/\/diariodominicano.com\/wp-content\/uploads\/2021\/11\/WhatsApp-Image-2021-11-20-at-13.26.56-768x465.jpeg 768w, https:\/\/diariodominicano.com\/wp-content\/uploads\/2021\/11\/WhatsApp-Image-2021-11-20-at-13.26.56-1536x930.jpeg 1536w, https:\/\/diariodominicano.com\/wp-content\/uploads\/2021\/11\/WhatsApp-Image-2021-11-20-at-13.26.56-816x494.jpeg 816w, https:\/\/diariodominicano.com\/wp-content\/uploads\/2021\/11\/WhatsApp-Image-2021-11-20-at-13.26.56.jpeg 1600w\" sizes=\"auto, (max-width: 1024px) 100vw, 1024px\" \/><\/figure>\n\n\n\n<p>\u201cSe usar\u00e1 la metodolog\u00eda normal en cancha reducida. En masculina habr\u00e1 seis zonas, compuesta por la Metropolitana, Central, Sur, Norte, Este y Sexta Zona, mientras que en la rama femenina ser\u00e1n cinco; ellas son Metropolitana, Central, Norte, Este y Sur\u201d, argument\u00f3 Suero.<\/p>\n\n\n\n<p>A\u00f1adi\u00f3 que habr\u00e1 20 equipos, 10 de cada rama y se premiar\u00e1 a los mejores jugadores y equipos.<\/p>\n\n\n\n<p>El torneo se jugar\u00e1 a seven (7X7), por eso el t\u00e9rmino a cancha reducida.<\/p>\n\n\n\n<p>Participar\u00e1n las 11 asociaciones de la FDH.<\/p>\n\n\n\n<p><strong>Reabrir\u00e1n entrenamientos<\/strong><\/p>\n\n\n\n<p>Por su parte, Leonardo Sep\u00falveda, entrenador de las selecciones de esa disciplina, dio a conocer que las actividades de la FDH se reactivar\u00e1n en enero, de cara a las eliminatorias y clasificatorios de los Juegos Centroamericanos y del Caribe en ambas ramas.<\/p>\n\n\n\n<p>\u201cLuego de que nuestras selecciones fueron afectadas por la pandemia del COVID-19, estuvimos trabajando con las asociaciones y la parte t\u00e9cnica, ahora reiniciamos los entrenamientos para el mes de enero con ambas selecciones\u201d, se\u00f1al\u00f3.<\/p>\n\n\n\n<p>&nbsp;Sep\u00falveda invit\u00f3 a los clubes del pa\u00eds a que se integren a los entrenamientos para fortalecer las selecciones nacionales de ese deporte.<\/p>\n","protected":false},"excerpt":{"rendered":"<p>Directivos de la FDH junto a jugadores de la selecci\u00f3n.&nbsp; SANTO DOMINGO.- La Federaci\u00f3n Dominicana de Hockey Sobre C\u00e9sped (FDH), anunci\u00f3 este s\u00e1bado que celebrar\u00e1 otra vez su Copa Navide\u00f1a, que para esta ocasi\u00f3n tendr\u00e1 una dedicaci\u00f3n p\u00f3stuma al fenecido Rafael Sosa, expresidente de la instituci\u00f3n. La informaci\u00f3n la dio a conocer Miguel Hern\u00e1ndez, presidente [&hellip;]<\/p>\n","protected":false},"author":2,"featured_media":310250,"comment_status":"closed","ping_status":"","sticky":false,"template":"","format":"standard","meta":{"footnotes":""},"categories":[17],"tags":[],"class_list":["post-310247","post","type-post","status-publish","format-standard","has-post-thumbnail","hentry","category-deportes"],"_links":{"self":[{"href":"https:\/\/diariodominicano.com\/index.php?rest_route=\/wp\/v2\/posts\/310247","targetHints":{"allow":["GET"]}}],"collection":[{"href":"https:\/\/diariodominicano.com\/index.php?rest_route=\/wp\/v2\/posts"}],"about":[{"href":"https:\/\/diariodominicano.com\/index.php?rest_route=\/wp\/v2\/types\/post"}],"author":[{"embeddable":true,"href":"https:\/\/diariodominicano.com\/index.php?rest_route=\/wp\/v2\/users\/2"}],"replies":[{"embeddable":true,"href":"https:\/\/diariodominicano.com\/index.php?rest_route=%2Fwp%2Fv2%2Fcomments&post=310247"}],"version-history":[{"count":3,"href":"https:\/\/diariodominicano.com\/index.php?rest_route=\/wp\/v2\/posts\/310247\/revisions"}],"predecessor-version":[{"id":310290,"href":"https:\/\/diariodominicano.com\/index.php?rest_route=\/wp\/v2\/posts\/310247\/revisions\/310290"}],"wp:featuredmedia":[{"embeddable":true,"href":"https:\/\/diariodominicano.com\/index.php?rest_route=\/wp\/v2\/media\/310250"}],"wp:attachment":[{"href":"https:\/\/diariodominicano.com\/index.php?rest_route=%2Fwp%2Fv2%2Fmedia&parent=310247"}],"wp:term":[{"taxonomy":"category","embeddable":true,"href":"https:\/\/diariodominicano.com\/index.php?rest_route=%2Fwp%2Fv2%2Fcategories&post=310247"},{"taxonomy":"post_tag","embeddable":true,"href":"https:\/\/diariodominicano.com\/index.php?rest_route=%2Fwp%2Fv2%2Ftags&post=310247"}],"curies":[{"name":"wp","href":"https:\/\/api.w.org\/{rel}","templated":true}]}}