{"id":310210,"date":"2021-11-22T21:24:50","date_gmt":"2021-11-23T01:24:50","guid":{"rendered":"http:\/\/diariodominicano.com\/?p=310210"},"modified":"2021-11-22T21:24:50","modified_gmt":"2021-11-23T01:24:50","slug":"presidente-abinader-se-compromete-con-una-economia-abierta-competitiva-inclusiva-y-de-oportunidades-para-todos","status":"publish","type":"post","link":"https:\/\/diariodominicano.com\/?p=310210","title":{"rendered":"Presidente Abinader se compromete con una econom\u00eda abierta, competitiva, inclusiva y de oportunidades para todos"},"content":{"rendered":"\n<p>diariodominicano.com<\/p>\n\n\n\n<p>Santo Domingo Oeste, R. D.,  22 de noviembre, 2021.-   \u00abNuestro compromiso es trabajar para construir una econom\u00eda abierta, competitiva, inclusiva y que d\u00e9\u00a0oportunidades a todos y todas\u00bb, expres\u00f3 el presidente Luis Abinader en el acto del primer palazo para la segunda etapa de expansi\u00f3n de la empresa Cano Industrial.<\/p>\n\n\n\n<p>La obra conlleva una inversi\u00f3n de 200 millones de pesos y proyecta aumentar a 400 los puestos de trabajo.<\/p>\n\n\n\n<p>\u00abComo les digo, esto es lo que m\u00e1s me gusta: empleo, empleo y empleo\u00bb, expres\u00f3 el presidente Abinader, al tiempo de subrayar que hay un gobierno que est\u00e1 generando un marco favorable para todas las inversiones independientemente del sector.&nbsp;<\/p>\n\n\n\n<p>La ampliaci\u00f3n de Cano Industrial incrementar\u00e1 en un 150%, la capacidad productiva en las l\u00edneas de selladores, recubrimientos y otros productos relacionados con el sector de la construcci\u00f3n.<\/p>\n\n\n\n<p>Wadi Cano Acra, presidente de Cano Industrial, manifest\u00f3 que esta es la continuaci\u00f3n de la primera etapa, la cual comenz\u00f3 sus operaciones en el mes de noviembre del a\u00f1o 2020.<\/p>\n\n\n\n<p>Agreg\u00f3 que CANO daba empleo a 75 personas hace 15 a\u00f1os y hoy representa un sustento digno a 348 hogares, cifra que deja notar un incremento de un 10%, en comparaci\u00f3n con los empleos generados en 2020. Su proyecci\u00f3n a 2023 es aumentar los empleos directos en un 20%.<\/p>\n\n\n\n<p>Destac\u00f3 que en 62 a\u00f1os la empresa ha pasado de ser una PYME a una industria de casi 400 empleados directos, con una inversi\u00f3n total de 600 millones de pesos, y que exporta sus marcas a 8 pa\u00edses.&nbsp;<\/p>\n\n\n\n<p>De su lado, V\u00edctor Bison\u00f3, ministro de Industria, Comercio y Mipymes, sostuvo que el presidente Luis Abinader fue visionario al declarar la industrializaci\u00f3n como prioridad nacional. &nbsp;Este enfoque \u00abha dado paso a una agenda activa y din\u00e1mica con el tejido productivo nacional, para propiciar los cambios e iniciativas necesarias que permitan seguir esta apuesta de crecimiento econ\u00f3mico y social para todos, sin dejar atr\u00e1s a ning\u00fan sector en esta recuperaci\u00f3n econ\u00f3mica que est\u00e1 en marcha\u00bb, agreg\u00f3.&nbsp;<\/p>\n\n\n\n<p>Destac\u00f3 la resiliencia de la empresa, porque en plena pandemia apostaron a la innovaci\u00f3n logrando desarrollar nuevos productos como pegamentos industriales para las zonas francas, impermeabilizante cementicio para la industria de la construcci\u00f3n y gel de manos, as\u00ed como productos de limpieza para combatir la pandemia.<\/p>\n\n\n\n<p>En la actividad estuvieron presentes, el director general de Aduanas, Eduardo Sanz Lovat\u00f3n, empresarios industriales y ejecutivos de Cano Industrial.<\/p>\n\n\n\n<p>Fuente: Direcci\u00f3n de Estrategia y Comunicaci\u00f3n Gubernamental<\/p>\n\n\n\n<p>Ministerio Administrativo de la Presidencia de la Rep\u00fablica Dominicana<\/p>\n","protected":false},"excerpt":{"rendered":"<p>diariodominicano.com Santo Domingo Oeste, R. D., 22 de noviembre, 2021.- \u00abNuestro compromiso es trabajar para construir una econom\u00eda abierta, competitiva, inclusiva y que d\u00e9\u00a0oportunidades a todos y todas\u00bb, expres\u00f3 el presidente Luis Abinader en el acto del primer palazo para la segunda etapa de expansi\u00f3n de la empresa Cano Industrial. La obra conlleva una inversi\u00f3n [&hellip;]<\/p>\n","protected":false},"author":5,"featured_media":310242,"comment_status":"closed","ping_status":"","sticky":true,"template":"","format":"standard","meta":{"footnotes":""},"categories":[20,27],"tags":[],"class_list":["post-310210","post","type-post","status-publish","format-standard","has-post-thumbnail","hentry","category-dominicana-hoy","category-portada"],"_links":{"self":[{"href":"https:\/\/diariodominicano.com\/index.php?rest_route=\/wp\/v2\/posts\/310210","targetHints":{"allow":["GET"]}}],"collection":[{"href":"https:\/\/diariodominicano.com\/index.php?rest_route=\/wp\/v2\/posts"}],"about":[{"href":"https:\/\/diariodominicano.com\/index.php?rest_route=\/wp\/v2\/types\/post"}],"author":[{"embeddable":true,"href":"https:\/\/diariodominicano.com\/index.php?rest_route=\/wp\/v2\/users\/5"}],"replies":[{"embeddable":true,"href":"https:\/\/diariodominicano.com\/index.php?rest_route=%2Fwp%2Fv2%2Fcomments&post=310210"}],"version-history":[{"count":1,"href":"https:\/\/diariodominicano.com\/index.php?rest_route=\/wp\/v2\/posts\/310210\/revisions"}],"predecessor-version":[{"id":310244,"href":"https:\/\/diariodominicano.com\/index.php?rest_route=\/wp\/v2\/posts\/310210\/revisions\/310244"}],"wp:featuredmedia":[{"embeddable":true,"href":"https:\/\/diariodominicano.com\/index.php?rest_route=\/wp\/v2\/media\/310242"}],"wp:attachment":[{"href":"https:\/\/diariodominicano.com\/index.php?rest_route=%2Fwp%2Fv2%2Fmedia&parent=310210"}],"wp:term":[{"taxonomy":"category","embeddable":true,"href":"https:\/\/diariodominicano.com\/index.php?rest_route=%2Fwp%2Fv2%2Fcategories&post=310210"},{"taxonomy":"post_tag","embeddable":true,"href":"https:\/\/diariodominicano.com\/index.php?rest_route=%2Fwp%2Fv2%2Ftags&post=310210"}],"curies":[{"name":"wp","href":"https:\/\/api.w.org\/{rel}","templated":true}]}}