{"id":310199,"date":"2021-11-22T21:13:44","date_gmt":"2021-11-23T01:13:44","guid":{"rendered":"http:\/\/diariodominicano.com\/?p=310199"},"modified":"2021-11-22T21:13:44","modified_gmt":"2021-11-23T01:13:44","slug":"casa-blanca-mantendra-uso-de-mascarilla-aunque-washington-suspendio-su-uso-en-interiores","status":"publish","type":"post","link":"https:\/\/diariodominicano.com\/?p=310199","title":{"rendered":"Casa Blanca mantendr\u00e1 uso de mascarilla aunque Washington suspendi\u00f3 su uso en interiores"},"content":{"rendered":"\n<p>diariodominicano.com<a rel=\"noreferrer noopener\" href=\"https:\/\/www.xinhua-news.com\/gdsdetailxhs\/share\/10636880-?pageflag=iframe\" target=\"_blank\"><\/a><\/p>\n\n\n\n<pre id=\"text-news-description\" class=\"wp-block-preformatted\">   WASHINGTON, 22 nov (Xinhua) -- La Casa Blanca mantendr\u00e1 el mandato de usar mascarilla en sus instalaciones incluso despu\u00e9s de que a partir de hoy se suspendi\u00f3 su uso en interiores en la mayor\u00eda de los espacios p\u00fablicos de Washington, D.C. \n   \"La Casa Blanca sigue las directrices de los CDC que recomiendan usar mascarilla en zonas de transmisi\u00f3n elevada o sustancial\", dijo a CNN Kevin Munoz, secretario de Prensa asistente de la Casa Blanca. \n   La capital del pa\u00eds sigue siendo una zona de transmisi\u00f3n comunitaria \"sustancial\", de acuerdo con los Centros para el Control y Prevenci\u00f3n de Enfermedades (CDC), y actualmente registra cerca de 90 nuevos casos semanales por cada 100.000 habitantes.\n   La alcaldesa de D.C., Muriel Bowser, anunci\u00f3 la semana pasada su decisi\u00f3n de abandonar el mandato, pero enfatiz\u00f3 que el uso de mascarilla sigue siendo importante. La medida ha pasado de ser un mandato general a seguir una orientaci\u00f3n basada en el riesgo del DC Health que tiene en cuenta los par\u00e1metros de salud actuales y el estatus de vacunaci\u00f3n de una persona,  indic\u00f3 la ciudad. <\/pre>\n\n\n\n<p><\/p>\n\n\n\n<p><\/p>\n","protected":false},"excerpt":{"rendered":"<p>diariodominicano.com WASHINGTON, 22 nov (Xinhua) &#8212; La Casa Blanca mantendr\u00e1 el mandato de usar mascarilla en sus instalaciones incluso despu\u00e9s de que a partir de hoy se suspendi\u00f3 su uso en interiores en la mayor\u00eda de los espacios p\u00fablicos de Washington, D.C. \u00abLa Casa Blanca sigue las directrices de los CDC que recomiendan usar mascarilla [&hellip;]<\/p>\n","protected":false},"author":5,"featured_media":310207,"comment_status":"closed","ping_status":"","sticky":true,"template":"","format":"standard","meta":{"footnotes":""},"categories":[23,27],"tags":[],"class_list":["post-310199","post","type-post","status-publish","format-standard","has-post-thumbnail","hentry","category-internacional","category-portada"],"_links":{"self":[{"href":"https:\/\/diariodominicano.com\/index.php?rest_route=\/wp\/v2\/posts\/310199","targetHints":{"allow":["GET"]}}],"collection":[{"href":"https:\/\/diariodominicano.com\/index.php?rest_route=\/wp\/v2\/posts"}],"about":[{"href":"https:\/\/diariodominicano.com\/index.php?rest_route=\/wp\/v2\/types\/post"}],"author":[{"embeddable":true,"href":"https:\/\/diariodominicano.com\/index.php?rest_route=\/wp\/v2\/users\/5"}],"replies":[{"embeddable":true,"href":"https:\/\/diariodominicano.com\/index.php?rest_route=%2Fwp%2Fv2%2Fcomments&post=310199"}],"version-history":[{"count":1,"href":"https:\/\/diariodominicano.com\/index.php?rest_route=\/wp\/v2\/posts\/310199\/revisions"}],"predecessor-version":[{"id":310208,"href":"https:\/\/diariodominicano.com\/index.php?rest_route=\/wp\/v2\/posts\/310199\/revisions\/310208"}],"wp:featuredmedia":[{"embeddable":true,"href":"https:\/\/diariodominicano.com\/index.php?rest_route=\/wp\/v2\/media\/310207"}],"wp:attachment":[{"href":"https:\/\/diariodominicano.com\/index.php?rest_route=%2Fwp%2Fv2%2Fmedia&parent=310199"}],"wp:term":[{"taxonomy":"category","embeddable":true,"href":"https:\/\/diariodominicano.com\/index.php?rest_route=%2Fwp%2Fv2%2Fcategories&post=310199"},{"taxonomy":"post_tag","embeddable":true,"href":"https:\/\/diariodominicano.com\/index.php?rest_route=%2Fwp%2Fv2%2Ftags&post=310199"}],"curies":[{"name":"wp","href":"https:\/\/api.w.org\/{rel}","templated":true}]}}