{"id":310184,"date":"2021-11-22T20:48:07","date_gmt":"2021-11-23T00:48:07","guid":{"rendered":"http:\/\/diariodominicano.com\/?p=310184"},"modified":"2021-11-23T08:53:16","modified_gmt":"2021-11-23T12:53:16","slug":"complejo-deportivo-de-la-barranquita-abierto-a-la-comunidad-para-sus-actividades-deportivas-sociales-y-familiares","status":"publish","type":"post","link":"https:\/\/diariodominicano.com\/?p=310184","title":{"rendered":"Complejo deportivo de La Barranquita abierto a la comunidad para sus actividades deportivas, sociales y familiares"},"content":{"rendered":"\n<p> <strong>Aspecto de la actividad social y recreativa realizada por el colegio Evang\u00e9lico Alianza<\/strong> <\/p>\n\n\n\n<p><strong>Oscar Polanco<\/strong><\/p>\n\n\n\n<p><strong>SANTIAGO, RD, 22 de noviembre de 2022.-<\/strong>&nbsp;<strong>E<\/strong>l Complejo Deportivo de La Barranquita abri\u00f3 sus puertas a la comunidad de Santiago, donde entidades escolares, deportivas, recreativas y familiares pueden utilizar adecuadamente este pulm\u00f3n del deporte.<\/p>\n\n\n\n<p><strong>M<\/strong>uy destacada, organizada y alegre la actividad social-recreativa realizada el pasado domingo por el colegio Evang\u00e9lico Alianza, quienes, supervisados por el personal de la administraci\u00f3n del complejo, sus estudiantes y familiares se divirtieron grandemente en completo orden.<\/p>\n\n\n\n<p><strong>E<\/strong>l administrador del Complejo Deportivo de La Barranquita, se\u00f1or Jorge Blas D\u00edaz, se mostr\u00f3 satisfecho con la iniciativa del viceministro de desarrollo deportivo de la regi\u00f3n norte e inmortal del deporte dominicano, Juan Vila, atendiendo las inquietudes del presidente Luis Abinader, as\u00ed como del ministro de deportes Francisco Camacho.<\/p>\n\n\n\n<figure class=\"wp-block-image size-full\"><img loading=\"lazy\" decoding=\"async\" width=\"1024\" height=\"461\" src=\"https:\/\/diariodominicano.com\/wp-content\/uploads\/2021\/11\/1-Actividad-en-La-Barranquita-1-1.jpeg\" alt=\"\" class=\"wp-image-310186\" srcset=\"https:\/\/diariodominicano.com\/wp-content\/uploads\/2021\/11\/1-Actividad-en-La-Barranquita-1-1.jpeg 1024w, https:\/\/diariodominicano.com\/wp-content\/uploads\/2021\/11\/1-Actividad-en-La-Barranquita-1-1-300x135.jpeg 300w, https:\/\/diariodominicano.com\/wp-content\/uploads\/2021\/11\/1-Actividad-en-La-Barranquita-1-1-768x346.jpeg 768w, https:\/\/diariodominicano.com\/wp-content\/uploads\/2021\/11\/1-Actividad-en-La-Barranquita-1-1-816x367.jpeg 816w\" sizes=\"auto, (max-width: 1024px) 100vw, 1024px\" \/><\/figure>\n\n\n\n<p><strong>\u00abQ<\/strong>ue la poblaci\u00f3n se entere, el \u00e1rea boscosa, sus parques y sus alrededores est\u00e1n a su orden para actividades sanas, las zonas deportivas se programar\u00e1n de acuerdo a sus respectivas solicitudes, que deben realizarse en la oficina administrativa, se coordinar\u00e1n all\u00ed y se les avisar\u00e1 a los solicitantes\u00bb, dijo Jorge Blas D\u00edaz.<\/p>\n\n\n\n<p><strong>L<\/strong>a administraci\u00f3n de La Barranquita, informa las siguientes actividades programadas: Domingo 28 de noviembre, pasad\u00eda de la Iglesia Pentecostal, en el pabell\u00f3n de boxeo y el mismo d\u00eda cedido a UTESA, el estadio para jugar b\u00e9isbol Freddy Toribio; del s\u00e1bado 27 de noviembre al 18 de diciembre torneo de f\u00fatbol en el campo de esa disciplina; lunes 29 de noviembre, atletismo provincial en su pista y el domingo 5 de diciembre, competencia motorizada de bajo cilindraje.<\/p>\n\n\n\n<figure class=\"wp-block-image size-full\"><img loading=\"lazy\" decoding=\"async\" width=\"1024\" height=\"461\" src=\"https:\/\/diariodominicano.com\/wp-content\/uploads\/2021\/11\/2-Actividad-en-La-Barranquita-1.jpeg\" alt=\"\" class=\"wp-image-310188\" srcset=\"https:\/\/diariodominicano.com\/wp-content\/uploads\/2021\/11\/2-Actividad-en-La-Barranquita-1.jpeg 1024w, https:\/\/diariodominicano.com\/wp-content\/uploads\/2021\/11\/2-Actividad-en-La-Barranquita-1-300x135.jpeg 300w, https:\/\/diariodominicano.com\/wp-content\/uploads\/2021\/11\/2-Actividad-en-La-Barranquita-1-768x346.jpeg 768w, https:\/\/diariodominicano.com\/wp-content\/uploads\/2021\/11\/2-Actividad-en-La-Barranquita-1-816x367.jpeg 816w\" sizes=\"auto, (max-width: 1024px) 100vw, 1024px\" \/><\/figure>\n\n\n\n<p><strong>E<\/strong>l inmortal del deporte dominicano Juan Vila, se mostr\u00f3 contento y muy agradecido de que la comunidad deportiva, recreativa y familiar est\u00e9n utilizando las instalaciones del complejo deportivo de La Barranquita.<\/p>\n","protected":false},"excerpt":{"rendered":"<p>Aspecto de la actividad social y recreativa realizada por el colegio Evang\u00e9lico Alianza Oscar Polanco SANTIAGO, RD, 22 de noviembre de 2022.-&nbsp;El Complejo Deportivo de La Barranquita abri\u00f3 sus puertas a la comunidad de Santiago, donde entidades escolares, deportivas, recreativas y familiares pueden utilizar adecuadamente este pulm\u00f3n del deporte. Muy destacada, organizada y alegre la [&hellip;]<\/p>\n","protected":false},"author":2,"featured_media":310190,"comment_status":"closed","ping_status":"","sticky":true,"template":"","format":"standard","meta":{"footnotes":""},"categories":[17,27],"tags":[],"class_list":["post-310184","post","type-post","status-publish","format-standard","has-post-thumbnail","hentry","category-deportes","category-portada"],"_links":{"self":[{"href":"https:\/\/diariodominicano.com\/index.php?rest_route=\/wp\/v2\/posts\/310184","targetHints":{"allow":["GET"]}}],"collection":[{"href":"https:\/\/diariodominicano.com\/index.php?rest_route=\/wp\/v2\/posts"}],"about":[{"href":"https:\/\/diariodominicano.com\/index.php?rest_route=\/wp\/v2\/types\/post"}],"author":[{"embeddable":true,"href":"https:\/\/diariodominicano.com\/index.php?rest_route=\/wp\/v2\/users\/2"}],"replies":[{"embeddable":true,"href":"https:\/\/diariodominicano.com\/index.php?rest_route=%2Fwp%2Fv2%2Fcomments&post=310184"}],"version-history":[{"count":4,"href":"https:\/\/diariodominicano.com\/index.php?rest_route=\/wp\/v2\/posts\/310184\/revisions"}],"predecessor-version":[{"id":310387,"href":"https:\/\/diariodominicano.com\/index.php?rest_route=\/wp\/v2\/posts\/310184\/revisions\/310387"}],"wp:featuredmedia":[{"embeddable":true,"href":"https:\/\/diariodominicano.com\/index.php?rest_route=\/wp\/v2\/media\/310190"}],"wp:attachment":[{"href":"https:\/\/diariodominicano.com\/index.php?rest_route=%2Fwp%2Fv2%2Fmedia&parent=310184"}],"wp:term":[{"taxonomy":"category","embeddable":true,"href":"https:\/\/diariodominicano.com\/index.php?rest_route=%2Fwp%2Fv2%2Fcategories&post=310184"},{"taxonomy":"post_tag","embeddable":true,"href":"https:\/\/diariodominicano.com\/index.php?rest_route=%2Fwp%2Fv2%2Ftags&post=310184"}],"curies":[{"name":"wp","href":"https:\/\/api.w.org\/{rel}","templated":true}]}}