{"id":310138,"date":"2021-11-22T19:43:55","date_gmt":"2021-11-22T23:43:55","guid":{"rendered":"http:\/\/diariodominicano.com\/?p=310138"},"modified":"2021-11-22T22:56:44","modified_gmt":"2021-11-23T02:56:44","slug":"autoridades-analizaran-los-avances-y-desafios-para-la-consolidacion-de-la-institucionalidad-estadistica-en-america-latina-y-el-caribe","status":"publish","type":"post","link":"https:\/\/diariodominicano.com\/?p=310138","title":{"rendered":"Autoridades analizar\u00e1n los avances y desaf\u00edos para la consolidaci\u00f3n de la institucionalidad estad\u00edstica en Am\u00e9rica Latina y el Caribe"},"content":{"rendered":"\n<p><strong>La und\u00e9cima reuni\u00f3n de la Conferencia Estad\u00edstica de las Am\u00e9ricas de la CEPAL se realizar\u00e1 de manera h\u00edbrida -presencial y virtual- del 23 al 25 de noviembre de 2021.<\/strong><\/p>\n\n\n\n<figure class=\"wp-block-image size-full\"><img loading=\"lazy\" decoding=\"async\" width=\"111\" height=\"129\" src=\"https:\/\/diariodominicano.com\/wp-content\/uploads\/2021\/11\/CEPAL22-1.jpg\" alt=\"\" class=\"wp-image-310141\"\/><\/figure>\n\n\n\n<p><strong>(22 de noviembre, 2021)&nbsp;<\/strong>Autoridades y representantes de las oficinas nacionales de estad\u00edstica de los pa\u00edses de la regi\u00f3n analizar\u00e1n los avances y desaf\u00edos para la consolidaci\u00f3n de la institucionalidad estad\u00edstica y las perspectivas regionales sobre el uso de nuevas metodolog\u00edas y fuentes de datos, durante la&nbsp;<a href=\"https:\/\/www.cepal.org\/es\/eventos\/xi-reunion-la-conferencia-estadistica-americas-la-cepal-0\" target=\"_blank\" rel=\"noreferrer noopener\"><strong>Und\u00e9cima reuni\u00f3n de la Conferencia Estad\u00edstica de las Am\u00e9ricas de la Comisi\u00f3n Econ\u00f3mica para Am\u00e9rica Latina y el Caribe (CEPAL)<\/strong><\/a>, que se realizar\u00e1 de manera h\u00edbrida -presencial y virtual- del 23 al 25 de noviembre de 2021.<\/p>\n\n\n\n<p>La reuni\u00f3n, organizada por la CEPAL y el Gobierno de Colombia, a trav\u00e9s del Departamento Administrativo Nacional de Estad\u00edstica (DANE), ser\u00e1 inaugurada el martes 23 de noviembre a las 10:00 horas de Santiago de Chile (UTC\/GMT -3) por Alicia B\u00e1rcena, Secretaria Ejecutiva de la CEPAL; Juan Daniel Oviedo, Director General del DANE, en su calidad de Presidente de la Conferencia Estad\u00edstica de las Am\u00e9ricas de la CEPAL, y Stefan Schweinfest, Director de la Divisi\u00f3n de Estad\u00edstica de las Naciones Unidas.<\/p>\n\n\n\n<p>Durante el encuentro, los Estados miembros examinar\u00e1n los resultados del Programa Bienal de Actividades de Cooperaci\u00f3n Regional e Internacional 2020-2021 de la Conferencia Estad\u00edstica de las Am\u00e9ricas, aprobar\u00e1n la creaci\u00f3n de Grupos de Trabajo para el per\u00edodo 2022- 2023 y elegir\u00e1n al nuevo Comit\u00e9 Ejecutivo de la Conferencia para dicho per\u00edodo.<\/p>\n\n\n\n<p>La&nbsp;<a href=\"https:\/\/www.cepal.org\/es\/organos-subsidiarios\/conferencia-estadistica-americas\" target=\"_blank\" rel=\"noreferrer noopener\">Conferencia Estad\u00edstica de las Am\u00e9ricas<\/a>&nbsp;es un \u00f3rgano subsidiario de la CEPAL y el principal foro para la discusi\u00f3n del desarrollo de las estad\u00edsticas en la regi\u00f3n. Sus mandatos principales son la promoci\u00f3n del desarrollo y mejoramiento de las estad\u00edsticas nacionales y su comparabilidad internacional, as\u00ed como de la cooperaci\u00f3n internacional, regional y bilateral entre las oficinas nacionales y los organismos internacionales y regionales. Actualmente, el Comit\u00e9 Ejecutivo de la CEA es presidido por Colombia y est\u00e1 conformado por Canad\u00e1, Chile, Granada, Italia, Jamaica y M\u00e9xico.<\/p>\n\n\n\n<p>En su und\u00e9cima versi\u00f3n, la Conferencia contempla la realizaci\u00f3n de cinco eventos paralelos que abordar\u00e1n temas como los desaf\u00edos en la medici\u00f3n de la inversi\u00f3n extranjera directa en la regi\u00f3n, los censos de poblaci\u00f3n y vivienda en contextos de pandemia, la XIX Reuni\u00f3n Internacional de especialistas en Informaci\u00f3n sobre uso del tiempo y trabajo no remunerado, las actividades en el Caribe relacionadas con la medici\u00f3n de indicadores de medio ambiente, cambio clim\u00e1tico y cat\u00e1strofes para la toma de decisiones pol\u00edticas, y las perspectivas de Am\u00e9rica Latina y el Caribe sobre la gobernanza de datos.<\/p>\n\n\n\n<p>La reuni\u00f3n ser\u00e1 transmitida en directo por internet a trav\u00e9s del&nbsp;<a href=\"https:\/\/www.cepal.org\/es\" target=\"_blank\" rel=\"noreferrer noopener\">sitio web<\/a>&nbsp;de la CEPAL, en&nbsp;<a href=\"https:\/\/live.cepal.org\/CEA\" target=\"_blank\" rel=\"noreferrer noopener\">https:\/\/live.cepal.org\/CEA<\/a>&nbsp;y sus redes sociales en Twitter (@cepal_onu) y Facebook (<a href=\"https:\/\/www.facebook.com\/cepal.onu\" target=\"_blank\" rel=\"noreferrer noopener\">https:\/\/www.facebook.com\/cepal.onu<\/a>).<\/p>\n\n\n\n<p>Se invita a los periodistas interesados a seguir los debates del encuentro. Habr\u00e1 traducci\u00f3n simult\u00e1nea ingl\u00e9s-espa\u00f1ol. Para poder participar es necesario inscribirse con antelaci\u00f3n en el siguiente enlace:<\/p>\n\n\n\n<figure class=\"wp-block-embed\"><div class=\"wp-block-embed__wrapper\">\nhttps:\/\/eventos.cepal.org\/event\/63\/overview\n<\/div><\/figure>\n","protected":false},"excerpt":{"rendered":"<p>La und\u00e9cima reuni\u00f3n de la Conferencia Estad\u00edstica de las Am\u00e9ricas de la CEPAL se realizar\u00e1 de manera h\u00edbrida -presencial y virtual- del 23 al 25 de noviembre de 2021. (22 de noviembre, 2021)&nbsp;Autoridades y representantes de las oficinas nacionales de estad\u00edstica de los pa\u00edses de la regi\u00f3n analizar\u00e1n los avances y desaf\u00edos para la consolidaci\u00f3n [&hellip;]<\/p>\n","protected":false},"author":2,"featured_media":310239,"comment_status":"closed","ping_status":"","sticky":true,"template":"","format":"standard","meta":{"footnotes":""},"categories":[18,27],"tags":[],"class_list":["post-310138","post","type-post","status-publish","format-standard","has-post-thumbnail","hentry","category-economia","category-portada"],"_links":{"self":[{"href":"https:\/\/diariodominicano.com\/index.php?rest_route=\/wp\/v2\/posts\/310138","targetHints":{"allow":["GET"]}}],"collection":[{"href":"https:\/\/diariodominicano.com\/index.php?rest_route=\/wp\/v2\/posts"}],"about":[{"href":"https:\/\/diariodominicano.com\/index.php?rest_route=\/wp\/v2\/types\/post"}],"author":[{"embeddable":true,"href":"https:\/\/diariodominicano.com\/index.php?rest_route=\/wp\/v2\/users\/2"}],"replies":[{"embeddable":true,"href":"https:\/\/diariodominicano.com\/index.php?rest_route=%2Fwp%2Fv2%2Fcomments&post=310138"}],"version-history":[{"count":3,"href":"https:\/\/diariodominicano.com\/index.php?rest_route=\/wp\/v2\/posts\/310138\/revisions"}],"predecessor-version":[{"id":310285,"href":"https:\/\/diariodominicano.com\/index.php?rest_route=\/wp\/v2\/posts\/310138\/revisions\/310285"}],"wp:featuredmedia":[{"embeddable":true,"href":"https:\/\/diariodominicano.com\/index.php?rest_route=\/wp\/v2\/media\/310239"}],"wp:attachment":[{"href":"https:\/\/diariodominicano.com\/index.php?rest_route=%2Fwp%2Fv2%2Fmedia&parent=310138"}],"wp:term":[{"taxonomy":"category","embeddable":true,"href":"https:\/\/diariodominicano.com\/index.php?rest_route=%2Fwp%2Fv2%2Fcategories&post=310138"},{"taxonomy":"post_tag","embeddable":true,"href":"https:\/\/diariodominicano.com\/index.php?rest_route=%2Fwp%2Fv2%2Ftags&post=310138"}],"curies":[{"name":"wp","href":"https:\/\/api.w.org\/{rel}","templated":true}]}}