{"id":310129,"date":"2021-11-22T19:24:26","date_gmt":"2021-11-22T23:24:26","guid":{"rendered":"http:\/\/diariodominicano.com\/?p=310129"},"modified":"2021-11-22T22:57:40","modified_gmt":"2021-11-23T02:57:40","slug":"el-martes-30-de-noviembre-udesa-entregara-el-xxviii-premio-hanns-hieronimus-a-andres-osiris-tejeda-cesse","status":"publish","type":"post","link":"https:\/\/diariodominicano.com\/?p=310129","title":{"rendered":"El martes 30 de noviembre UDESA entregar\u00e1 el XXVIII Premio Hanns Hieronimus a Andr\u00e9s Osiris Tejeda Cess\u00e9"},"content":{"rendered":"\n<p><strong>Oscar Polanco<\/strong><\/p>\n\n\n\n<p><strong>SANTIAGO, Rep\u00fablica Dominicana .-<\/strong>&nbsp;El martes 30 de noviembre la Uni\u00f3n Deportiva de Santiago, Inc. (UDESA) entregar\u00e1 el XXVIII Premio Hanns Hieronimus al dirigente Andr\u00e9s Osiris Tejeda Cess\u00e9, dio a conocer el Comit\u00e9 Ejecutivo de esa entidad.<\/p>\n\n\n\n<div class=\"wp-block-image\"><figure class=\"alignleft size-full\"><img loading=\"lazy\" decoding=\"async\" width=\"253\" height=\"300\" src=\"https:\/\/diariodominicano.com\/wp-content\/uploads\/2021\/11\/Andres-Osiris-Tejeda-Cesse-1-1.jpeg\" alt=\"\" class=\"wp-image-310133\"\/><\/figure><\/div>\n\n\n\n<p><strong>E<\/strong>l licenciado Emmanuel Garc\u00eda Musa, presidente de UDESA, al ofrecer la informaci\u00f3n, dijo que la entrega del m\u00e1ximo galard\u00f3n que otorga esa organizaci\u00f3n deportiva se realizar\u00e1 en la provincia de Bonao debido a la situaci\u00f3n actual de pandemia.<\/p>\n\n\n\n<p><strong>A<\/strong>greg\u00f3 que, en el acto, adem\u00e1s del Comit\u00e9 Ejecutivo de la UDESA, participar\u00e1n invitados especiales, entre ellos autoridades y dirigentes deportivos, familiares del homenajeado y personalidades locales de Bonao, la actividad ser\u00e1 a las 10:30am del citado d\u00eda, el lugar ser\u00e1 informado pr\u00f3ximamente.<\/p>\n\n\n\n<p><strong>E<\/strong>sta premiaci\u00f3n es auspiciada por la Asociaci\u00f3n Cibao de Ahorros y Pr\u00e9stamos, Corporaci\u00f3n de Pr\u00e9stamos Nordestana, CORAASAN y el Ministerio de Deportes.<\/p>\n\n\n\n<p><strong>E<\/strong>l deportista y periodista Andr\u00e9s Osiris Tejeda Cess\u00e9, es un laureado propulsor del deporte de Bonao que ha logrado trascender a nivel nacional e internacional, acreedor de un amplio historial deportivo y dirigencial, as\u00ed como de gran experiencia en la cr\u00f3nica deportiva <\/p>\n\n\n\n<p><strong>Andr\u00e9s Osiris Tejeda Cess\u00e9<\/strong><\/p>\n","protected":false},"excerpt":{"rendered":"<p>Andr\u00e9sTejeda Cess\u00e9<\/p>\n","protected":false},"author":2,"featured_media":310238,"comment_status":"open","ping_status":"","sticky":true,"template":"","format":"standard","meta":{"footnotes":""},"categories":[17,27],"tags":[],"class_list":["post-310129","post","type-post","status-publish","format-standard","has-post-thumbnail","hentry","category-deportes","category-portada"],"_links":{"self":[{"href":"https:\/\/diariodominicano.com\/index.php?rest_route=\/wp\/v2\/posts\/310129","targetHints":{"allow":["GET"]}}],"collection":[{"href":"https:\/\/diariodominicano.com\/index.php?rest_route=\/wp\/v2\/posts"}],"about":[{"href":"https:\/\/diariodominicano.com\/index.php?rest_route=\/wp\/v2\/types\/post"}],"author":[{"embeddable":true,"href":"https:\/\/diariodominicano.com\/index.php?rest_route=\/wp\/v2\/users\/2"}],"replies":[{"embeddable":true,"href":"https:\/\/diariodominicano.com\/index.php?rest_route=%2Fwp%2Fv2%2Fcomments&post=310129"}],"version-history":[{"count":5,"href":"https:\/\/diariodominicano.com\/index.php?rest_route=\/wp\/v2\/posts\/310129\/revisions"}],"predecessor-version":[{"id":310287,"href":"https:\/\/diariodominicano.com\/index.php?rest_route=\/wp\/v2\/posts\/310129\/revisions\/310287"}],"wp:featuredmedia":[{"embeddable":true,"href":"https:\/\/diariodominicano.com\/index.php?rest_route=\/wp\/v2\/media\/310238"}],"wp:attachment":[{"href":"https:\/\/diariodominicano.com\/index.php?rest_route=%2Fwp%2Fv2%2Fmedia&parent=310129"}],"wp:term":[{"taxonomy":"category","embeddable":true,"href":"https:\/\/diariodominicano.com\/index.php?rest_route=%2Fwp%2Fv2%2Fcategories&post=310129"},{"taxonomy":"post_tag","embeddable":true,"href":"https:\/\/diariodominicano.com\/index.php?rest_route=%2Fwp%2Fv2%2Ftags&post=310129"}],"curies":[{"name":"wp","href":"https:\/\/api.w.org\/{rel}","templated":true}]}}