{"id":310116,"date":"2021-11-22T18:54:23","date_gmt":"2021-11-22T22:54:23","guid":{"rendered":"http:\/\/diariodominicano.com\/?p=310116"},"modified":"2021-11-22T20:25:36","modified_gmt":"2021-11-23T00:25:36","slug":"acds-esta-de-luto-por-fallecimiento-del-comentarista-deportivo-tomas-troncoso","status":"publish","type":"post","link":"https:\/\/diariodominicano.com\/?p=310116","title":{"rendered":"ACDS est\u00e1 de luto por fallecimiento del comentarista deportivo Tom\u00e1s Troncoso"},"content":{"rendered":"\n<p> <strong>Tom\u00e1s Troncoso en la inauguraci\u00f3n de la cabina de transmisi\u00f3n de los Tigres del Licey que lleva su nombre (Foto: Fuente externa)<\/strong> <strong>OSCAR POLANC<\/strong>O)<\/p>\n\n\n\n<p><a rel=\"noreferrer noopener\" href=\"http:\/\/www.oscarpolanco.santiagord@gmail.com\/\" target=\"_blank\"><strong>www.oscarpolanco.santiagord@gmail.com<\/strong><\/a><strong>&nbsp; <\/strong><a rel=\"noreferrer noopener\" href=\"http:\/\/www.oscarpolancodeportes@gmail.com\/\" target=\"_blank\"><strong>www.oscarpolancodeportes@gmail.com<\/strong><\/a><strong>&nbsp;<a rel=\"noreferrer noopener\" href=\"mailto:www.deportesoscarpolanco@gmail.com\" target=\"_blank\">www.deportesoscarpolanco@gmail.com<\/a><\/strong><\/p>\n\n\n\n<p><\/p>\n\n\n\n<p><strong>SANTIAGO DE LOS CABALLEROS, Santiago, RD, 22 noviembre 2021.-<\/strong>&nbsp;<strong>L<\/strong>a Asociaci\u00f3n de Cronistas Deportivos de Santiago (ACDS) lament\u00f3 el triste fallecimiento, este lunes, del hist\u00f3rico comentarista, Tom\u00e1s Troncoso, laureado a la inmortalidad en el Sal\u00f3n de la Fama del Deporte Dominicano, por sus grandes m\u00e9ritos en su labor y personal.<\/p>\n\n\n\n<p><strong>\u201cE<\/strong>s triste cuando alguien tan meritorio como \u00e9l fallece, todos los deportistas le enviamos nuestras oraciones pues sabemos que est\u00e1 en la Gracia de Dios, ya en vida ha recibido los m\u00e1s grandes galardones deportivos, lamentamos su partida, resignaci\u00f3n a su familia, el deporte se enlutese\u201d, dijo el presidente de la ACDS, C\u00e9sar Ure\u00f1a.<\/p>\n\n\n\n<p><strong>R<\/strong>ecord\u00f3 que, Tom\u00e1s Troncoso, cuyo nombre lleva la cabina de transmisi\u00f3n de los Tigres del Licey&nbsp;en el b\u00e9isbol de invierno, comenz\u00f3 su labor en la temporada de 1963 con las \u00c1guilas Cibae\u00f1as, labor\u00f3 muchos a\u00f1os con el As F\u00e9lix Acosta N\u00fa\u00f1ez y Billy Berroa en la cadena de los Leones del Escogido, su grandeza como comentarista la solt\u00f3 por m\u00e1s de 40 a\u00f1os con los Tigres del Licey.<\/p>\n\n\n\n<p><strong>\u201cQ<\/strong>ue descanse en paz querido maestro, que Dios te guarde, estamos de luto y te llevaremos siempre en nuestros Corazones\u201d, dijo Ure\u00f1a.<\/p>\n\n\n\n<p><\/p>\n\n\n\n<p><\/p>\n\n\n\n<p><\/p>\n","protected":false},"excerpt":{"rendered":"<p>Tom\u00e1s Troncoso en la inauguraci\u00f3n de la cabina de transmisi\u00f3n de los Tigres del Licey que lleva su nombre (Foto: Fuente externa) OSCAR POLANCO) www.oscarpolanco.santiagord@gmail.com&nbsp; www.oscarpolancodeportes@gmail.com&nbsp;www.deportesoscarpolanco@gmail.com SANTIAGO DE LOS CABALLEROS, Santiago, RD, 22 noviembre 2021.-&nbsp;La Asociaci\u00f3n de Cronistas Deportivos de Santiago (ACDS) lament\u00f3 el triste fallecimiento, este lunes, del hist\u00f3rico comentarista, Tom\u00e1s Troncoso, laureado a [&hellip;]<\/p>\n","protected":false},"author":2,"featured_media":310122,"comment_status":"closed","ping_status":"","sticky":true,"template":"","format":"standard","meta":{"footnotes":""},"categories":[17,27],"tags":[],"class_list":["post-310116","post","type-post","status-publish","format-standard","has-post-thumbnail","hentry","category-deportes","category-portada"],"_links":{"self":[{"href":"https:\/\/diariodominicano.com\/index.php?rest_route=\/wp\/v2\/posts\/310116","targetHints":{"allow":["GET"]}}],"collection":[{"href":"https:\/\/diariodominicano.com\/index.php?rest_route=\/wp\/v2\/posts"}],"about":[{"href":"https:\/\/diariodominicano.com\/index.php?rest_route=\/wp\/v2\/types\/post"}],"author":[{"embeddable":true,"href":"https:\/\/diariodominicano.com\/index.php?rest_route=\/wp\/v2\/users\/2"}],"replies":[{"embeddable":true,"href":"https:\/\/diariodominicano.com\/index.php?rest_route=%2Fwp%2Fv2%2Fcomments&post=310116"}],"version-history":[{"count":4,"href":"https:\/\/diariodominicano.com\/index.php?rest_route=\/wp\/v2\/posts\/310116\/revisions"}],"predecessor-version":[{"id":310171,"href":"https:\/\/diariodominicano.com\/index.php?rest_route=\/wp\/v2\/posts\/310116\/revisions\/310171"}],"wp:featuredmedia":[{"embeddable":true,"href":"https:\/\/diariodominicano.com\/index.php?rest_route=\/wp\/v2\/media\/310122"}],"wp:attachment":[{"href":"https:\/\/diariodominicano.com\/index.php?rest_route=%2Fwp%2Fv2%2Fmedia&parent=310116"}],"wp:term":[{"taxonomy":"category","embeddable":true,"href":"https:\/\/diariodominicano.com\/index.php?rest_route=%2Fwp%2Fv2%2Fcategories&post=310116"},{"taxonomy":"post_tag","embeddable":true,"href":"https:\/\/diariodominicano.com\/index.php?rest_route=%2Fwp%2Fv2%2Ftags&post=310116"}],"curies":[{"name":"wp","href":"https:\/\/api.w.org\/{rel}","templated":true}]}}