{"id":310109,"date":"2021-11-22T18:29:00","date_gmt":"2021-11-22T22:29:00","guid":{"rendered":"http:\/\/diariodominicano.com\/?p=310109"},"modified":"2021-11-22T20:24:59","modified_gmt":"2021-11-23T00:24:59","slug":"concluyo-la-viii-feria-del-libro-de-historia-dominicana","status":"publish","type":"post","link":"https:\/\/diariodominicano.com\/?p=310109","title":{"rendered":"Concluy\u00f3 la VIII Feria del Libro de Historia Dominicana"},"content":{"rendered":"\n<p><strong>Santo Domingo.-<\/strong> El Archivo General de la Naci\u00f3n (AGN), finaliz\u00f3 tras 5 d\u00edas de actividades, su fiesta del libro y la cultura: la octava edici\u00f3n de la Feria del Libro de Historia Dominicana; en modalidad virtual y con el tema central \u201cUna visi\u00f3n bibliogr\u00e1fica de la dictadura de Trujillo\u201d.<\/p>\n\n\n\n<figure class=\"wp-block-image size-large\"><img loading=\"lazy\" decoding=\"async\" width=\"1024\" height=\"485\" src=\"https:\/\/diariodominicano.com\/wp-content\/uploads\/2021\/11\/Vladimir-VelA\u00a1zquez-impartiendo-su-conferencia.-2-1024x485.jpg\" alt=\"\" class=\"wp-image-310113\" srcset=\"https:\/\/diariodominicano.com\/wp-content\/uploads\/2021\/11\/Vladimir-VelA\u00a1zquez-impartiendo-su-conferencia.-2-1024x485.jpg 1024w, https:\/\/diariodominicano.com\/wp-content\/uploads\/2021\/11\/Vladimir-VelA\u00a1zquez-impartiendo-su-conferencia.-2-300x142.jpg 300w, https:\/\/diariodominicano.com\/wp-content\/uploads\/2021\/11\/Vladimir-VelA\u00a1zquez-impartiendo-su-conferencia.-2-768x364.jpg 768w, https:\/\/diariodominicano.com\/wp-content\/uploads\/2021\/11\/Vladimir-VelA\u00a1zquez-impartiendo-su-conferencia.-2-816x387.jpg 816w, https:\/\/diariodominicano.com\/wp-content\/uploads\/2021\/11\/Vladimir-VelA\u00a1zquez-impartiendo-su-conferencia.-2.jpg 1520w\" sizes=\"auto, (max-width: 1024px) 100vw, 1024px\" \/><\/figure>\n\n\n\n<p>El evento estuvo dedicado al historiador Bernardo Vega, y fue puesta en circulaci\u00f3n la edici\u00f3n facsimilar del volumen I de su libro <em>Trujillo y Hait\u00ed<\/em>.<\/p>\n\n\n\n<p>A trav\u00e9s del canal de YouTube AGN_RD, fueron presentadas m\u00e1s de 50 actividades, tales como exposiciones, conferencias, talleres, paneles, proyecciones de documentales y largometrajes, dirigidas a todos los p\u00fablicos, con la disertaci\u00f3n de maestros, investigadores y especialistas en los temas tratados. Se pusieron en circulaci\u00f3n 12 nuevos libros entre ellos: <em>Diccionario Biogr\u00e1fico de Residentes en la Cuenca de El Caribe<\/em>, autor\u00eda de Luis Rafael Burset Flores y la obra <em>El coraz\u00f3n de la revuelta<\/em>, ganadora del Premio Vetilio Alfau Dur\u00e1n en la categor\u00eda de novela hist\u00f3rica, autor\u00eda de Emilia Pereyra.<\/p>\n\n\n\n<p>Adem\u00e1s del AGN, participaron en la venta de libros: Fundaci\u00f3n Joaqu\u00edn Balaguer, Letragr\u00e1fica, Fundaci\u00f3n Juan Bosch, Academia Dominicana de la Historia, Reina Rosario, Manuel Ram\u00f3n Morel Cerda, Euclides Guti\u00e9rrez F\u00e9liz y el Tribunal Constitucional de la Rep\u00fablica Dominicana.<\/p>\n\n\n\n<p><strong>Premio Vetilio Alfau<\/strong><\/p>\n\n\n\n<p>En el acto de clausura, fue lanzada la convocatoria de la cuarta versi\u00f3n del Premio de Historia Vetilio Alfau.<\/p>\n\n\n\n<p>El Premio est\u00e1 dirigido a investigadores, estudiosos y escritores dominicanos o residentes legales en el pa\u00eds, y consta de cuatro categor\u00edas: \u201cPremio de Ensayo\u201d, dotado con RD$200,000.&nbsp; \u201cPremio de Compilaci\u00f3n Documental\u201d, dotado con RD$150,000. Tres \u201cPremios Especiales de Ensayo para J\u00f3venes Investigadores\u201d, de hasta 30 a\u00f1os de edad, dotado con RD$50,000 cada uno. \u201cPremio Enriquillo\u201d, para novela hist\u00f3rica o colecci\u00f3n de relatos hist\u00f3ricos, dotado con RD$150,000.<\/p>\n\n\n\n<p>Los textos deben ser originales e in\u00e9ditos, no habiendo recibido ning\u00fan otro tipo de premio, deber\u00e1n estar redactados en lengua castellana entre otras especificaciones disponibles en la p\u00e1gina Web, www.agn.gov.do.<\/p>\n\n\n\n<p>El plazo de recepci\u00f3n de las obras finalizar\u00e1 el 9 de septiembre del 2022, a las 3 de la tarde.<\/p>\n\n\n\n<p><strong>Relaciones P\u00fablicas AGN<\/strong>&nbsp;&lt;relacionespublicas@agn.gob.do&gt;<\/p>\n","protected":false},"excerpt":{"rendered":"<p>Santo Domingo.- El Archivo General de la Naci\u00f3n (AGN), finaliz\u00f3 tras 5 d\u00edas de actividades, su fiesta del libro y la cultura: la octava edici\u00f3n de la Feria del Libro de Historia Dominicana; en modalidad virtual y con el tema central \u201cUna visi\u00f3n bibliogr\u00e1fica de la dictadura de Trujillo\u201d. El evento estuvo dedicado al historiador [&hellip;]<\/p>\n","protected":false},"author":2,"featured_media":310113,"comment_status":"closed","ping_status":"","sticky":true,"template":"","format":"standard","meta":{"footnotes":""},"categories":[18,27],"tags":[],"class_list":["post-310109","post","type-post","status-publish","format-standard","has-post-thumbnail","hentry","category-economia","category-portada"],"_links":{"self":[{"href":"https:\/\/diariodominicano.com\/index.php?rest_route=\/wp\/v2\/posts\/310109","targetHints":{"allow":["GET"]}}],"collection":[{"href":"https:\/\/diariodominicano.com\/index.php?rest_route=\/wp\/v2\/posts"}],"about":[{"href":"https:\/\/diariodominicano.com\/index.php?rest_route=\/wp\/v2\/types\/post"}],"author":[{"embeddable":true,"href":"https:\/\/diariodominicano.com\/index.php?rest_route=\/wp\/v2\/users\/2"}],"replies":[{"embeddable":true,"href":"https:\/\/diariodominicano.com\/index.php?rest_route=%2Fwp%2Fv2%2Fcomments&post=310109"}],"version-history":[{"count":3,"href":"https:\/\/diariodominicano.com\/index.php?rest_route=\/wp\/v2\/posts\/310109\/revisions"}],"predecessor-version":[{"id":310169,"href":"https:\/\/diariodominicano.com\/index.php?rest_route=\/wp\/v2\/posts\/310109\/revisions\/310169"}],"wp:featuredmedia":[{"embeddable":true,"href":"https:\/\/diariodominicano.com\/index.php?rest_route=\/wp\/v2\/media\/310113"}],"wp:attachment":[{"href":"https:\/\/diariodominicano.com\/index.php?rest_route=%2Fwp%2Fv2%2Fmedia&parent=310109"}],"wp:term":[{"taxonomy":"category","embeddable":true,"href":"https:\/\/diariodominicano.com\/index.php?rest_route=%2Fwp%2Fv2%2Fcategories&post=310109"},{"taxonomy":"post_tag","embeddable":true,"href":"https:\/\/diariodominicano.com\/index.php?rest_route=%2Fwp%2Fv2%2Ftags&post=310109"}],"curies":[{"name":"wp","href":"https:\/\/api.w.org\/{rel}","templated":true}]}}