{"id":310100,"date":"2021-11-22T18:12:08","date_gmt":"2021-11-22T22:12:08","guid":{"rendered":"http:\/\/diariodominicano.com\/?p=310100"},"modified":"2021-11-22T20:23:36","modified_gmt":"2021-11-23T00:23:36","slug":"crd-concluye-su-xii-diplomado-formacion-economica-para-comunicadores","status":"publish","type":"post","link":"https:\/\/diariodominicano.com\/?p=310100","title":{"rendered":"BCRD concluye su XII diplomado \u201cFormaci\u00f3n econ\u00f3mica para comunicadores\u201d"},"content":{"rendered":"\n<p><em>La actividad forma parte del programa de responsabilidad social institucional \u2018Aula Central para la educaci\u00f3n econ\u00f3mica y financiera\u2019<\/em><\/p>\n\n\n\n<p><\/p>\n\n\n\n<p><strong>Santo Domingo. Rep\u00fablica Dominicana.<\/strong> El gobernador del Banco Central de la Rep\u00fablica Dominicana (BCRD), H\u00e9ctor Valdez Albizu, clausur\u00f3 el XII Diplomado de \u201cFormaci\u00f3n econ\u00f3mica para comunicadores\u201d, una actividad integrada en su programa de responsabilidad social institucional \u2018Aula Central para la educaci\u00f3n econ\u00f3mica y financiera\u2019.<\/p>\n\n\n\n<figure class=\"wp-block-image size-large\"><img loading=\"lazy\" decoding=\"async\" width=\"1024\" height=\"576\" src=\"https:\/\/diariodominicano.com\/wp-content\/uploads\/2021\/11\/BCRD-concluye-diplomado-de-formacion-economica-para-comunicadores-2-1024x576.jpg\" alt=\"\" class=\"wp-image-310102\" srcset=\"https:\/\/diariodominicano.com\/wp-content\/uploads\/2021\/11\/BCRD-concluye-diplomado-de-formacion-economica-para-comunicadores-2-1024x576.jpg 1024w, https:\/\/diariodominicano.com\/wp-content\/uploads\/2021\/11\/BCRD-concluye-diplomado-de-formacion-economica-para-comunicadores-2-300x169.jpg 300w, https:\/\/diariodominicano.com\/wp-content\/uploads\/2021\/11\/BCRD-concluye-diplomado-de-formacion-economica-para-comunicadores-2-768x432.jpg 768w, https:\/\/diariodominicano.com\/wp-content\/uploads\/2021\/11\/BCRD-concluye-diplomado-de-formacion-economica-para-comunicadores-2-1536x864.jpg 1536w, https:\/\/diariodominicano.com\/wp-content\/uploads\/2021\/11\/BCRD-concluye-diplomado-de-formacion-economica-para-comunicadores-2-816x459.jpg 816w, https:\/\/diariodominicano.com\/wp-content\/uploads\/2021\/11\/BCRD-concluye-diplomado-de-formacion-economica-para-comunicadores-2.jpg 1821w\" sizes=\"auto, (max-width: 1024px) 100vw, 1024px\" \/><\/figure>\n\n\n\n<p>El diplomado, que tiene el aval acad\u00e9mico de la Universidad Iberoamericana (UNIBE), instituci\u00f3n representada en el acto por su vicerrectora acad\u00e9mica, Vhyna Ortega, ha sido impartido en toda la geograf\u00eda nacional, en el inter\u00e9s del Banco Central de la Rep\u00fablica Dominicana de facilitar una mejor comprensi\u00f3n de los temas econ\u00f3micos y financieros a los profesionales de la comunicaci\u00f3n y, por tanto, a la opini\u00f3n p\u00fablica en general.<\/p>\n\n\n\n<p>Valdez Albizu expres\u00f3 que \u201cel diplomado para periodistas reviste una importancia especial, ya que la formaci\u00f3n se ofrece en un momento en el que la econom\u00eda mundial ha sido afectada por la mayor crisis sanitaria que ha enfrentado la humanidad en los \u00faltimos cien a\u00f1os\u201d.<\/p>\n\n\n\n<p><\/p>\n\n\n\n<p>Asimismo, se\u00f1al\u00f3 que \u201cpara nadie es un secreto que, en este entorno dif\u00edcil, los gobiernos y los bancos centrales del mundo se han visto precisados a tomar medidas que permitan suavizar los efectos de la crisis, preservando empleos y moderando la p\u00e9rdida de ingreso de la sociedad, un objetivo que la Rep\u00fablica Dominicana ha cumplido en bien de su ciudadan\u00eda\u201d.<\/p>\n\n\n\n<p>Aprovech\u00f3 la ocasi\u00f3n para destacar el sistema de ciberseguridad del Banco Central, calific\u00e1ndolo como uno de los m\u00e1s avanzados y eficaces de la regi\u00f3n. Inform\u00f3 que, como parte de su labor formativa, el BCRD contempla impartir cursos de ciberseguridad.<\/p>\n\n\n\n<p>Para esta edici\u00f3n, el diplomado para comunicadores seleccion\u00f3 temas de vital importancia en el quehacer econ\u00f3mico como: producci\u00f3n y estructura de la econom\u00eda, inflaci\u00f3n, desempleo y mercado laboral, arquitectura financiera internacional, sector externo, sistema financiero dominicano, pol\u00edtica monetaria y pol\u00edtica fiscal.<\/p>\n\n\n\n<p>El gobernador rese\u00f1\u00f3 que el Banco Central tambi\u00e9n ofrece un diplomado similar para su personal no economista, organiza el Concurso Anual de Econom\u00eda Biblioteca Juan Pablo Duarte dirigido a profesionales de la econom\u00eda, el concurso \u201cEconomistas del futuro\u201d para estudiantes de \u00faltimo a\u00f1o de bachillerato, como tambi\u00e9n imparte talleres y charlas a gremios y organizaciones.<\/p>\n\n\n\n<p>A su vez, organiza la \u201cSemana Econ\u00f3mica y Financiera\u201d, que se ha convertido en la actividad de educaci\u00f3n econ\u00f3mica y financiera de mayor relevancia del pa\u00eds, contando con la participaci\u00f3n de decenas de entidades p\u00fablicas y privadas relacionadas con el tema, y concitando la visita de miles de ni\u00f1os y j\u00f3venes de Santo Domingo, Santiago y otras provincias del pa\u00eds.<\/p>\n\n\n\n<p>Por otra parte, Valdez Albizu indic\u00f3 que \u201cjunto a la Mesa de Trabajo para la Estrategia Nacional de Educaci\u00f3n Econ\u00f3mica y Financiera, hemos desarrollado el portal que contiene las siglas de dicha estrategia, ENEEF.com, el cual servir\u00e1para la difusi\u00f3n de estos temas\u201d.<\/p>\n\n\n\n<p>El gobernador agradeci\u00f3 a UNIBE por su aval acad\u00e9mico a este diplomado; a los facilitadores, doctores Julio And\u00fajar y Frank Fuentes, por su alta calidad docente; y al departamento de Comunicaci\u00f3n del Banco Central, por su trabajo de coordinaci\u00f3n y seguimiento.<\/p>\n\n\n\n<p>En el evento tom\u00f3 la palabra la vicerrectora acad\u00e9mica de UNIBE, Vhyna Ortega, quien ponder\u00f3 la iniciativa del Banco Central con este tipo de actividades formativas, al tiempo que destac\u00f3 el nivel acad\u00e9mico y la rigurosidad del programa formativo para todos los comunicadores; en tanto que las palabras en nombre de los graduandos fueron pronunciadas por el periodista Jos\u00e9 Tomas Paulino, director del noticiario de RNN Canal 27.<\/p>\n\n\n\n<p>Durante el acto de clausura, el gobernador Valdez Albizu estuvo acompa\u00f1ado por la vicegobernadora, Clarissa de la Rocha de Torres; el gerente, Ervin Novas Bello; el asesor econ\u00f3mico de la Gobernaci\u00f3n y docente, Julio And\u00fajar Scheker y Luis Mart\u00edn G\u00f3mez, director de Comunicaci\u00f3n. Por UNIBE tambi\u00e9n estuvo presente Maribel Medina, directora de Educaci\u00f3n Continua.<\/p>\n\n\n\n<p><strong>Banco Central de la Rep\u00fablica Dominicana<\/strong>&nbsp;&lt;bancentralrd@gmail.com&gt;<\/p>\n","protected":false},"excerpt":{"rendered":"<p>H\u00e9ctor Valdez Albizu<\/p>\n","protected":false},"author":2,"featured_media":310136,"comment_status":"closed","ping_status":"","sticky":true,"template":"","format":"standard","meta":{"footnotes":""},"categories":[18,27],"tags":[],"class_list":["post-310100","post","type-post","status-publish","format-standard","has-post-thumbnail","hentry","category-economia","category-portada"],"_links":{"self":[{"href":"https:\/\/diariodominicano.com\/index.php?rest_route=\/wp\/v2\/posts\/310100","targetHints":{"allow":["GET"]}}],"collection":[{"href":"https:\/\/diariodominicano.com\/index.php?rest_route=\/wp\/v2\/posts"}],"about":[{"href":"https:\/\/diariodominicano.com\/index.php?rest_route=\/wp\/v2\/types\/post"}],"author":[{"embeddable":true,"href":"https:\/\/diariodominicano.com\/index.php?rest_route=\/wp\/v2\/users\/2"}],"replies":[{"embeddable":true,"href":"https:\/\/diariodominicano.com\/index.php?rest_route=%2Fwp%2Fv2%2Fcomments&post=310100"}],"version-history":[{"count":5,"href":"https:\/\/diariodominicano.com\/index.php?rest_route=\/wp\/v2\/posts\/310100\/revisions"}],"predecessor-version":[{"id":310166,"href":"https:\/\/diariodominicano.com\/index.php?rest_route=\/wp\/v2\/posts\/310100\/revisions\/310166"}],"wp:featuredmedia":[{"embeddable":true,"href":"https:\/\/diariodominicano.com\/index.php?rest_route=\/wp\/v2\/media\/310136"}],"wp:attachment":[{"href":"https:\/\/diariodominicano.com\/index.php?rest_route=%2Fwp%2Fv2%2Fmedia&parent=310100"}],"wp:term":[{"taxonomy":"category","embeddable":true,"href":"https:\/\/diariodominicano.com\/index.php?rest_route=%2Fwp%2Fv2%2Fcategories&post=310100"},{"taxonomy":"post_tag","embeddable":true,"href":"https:\/\/diariodominicano.com\/index.php?rest_route=%2Fwp%2Fv2%2Ftags&post=310100"}],"curies":[{"name":"wp","href":"https:\/\/api.w.org\/{rel}","templated":true}]}}