{"id":310090,"date":"2021-11-22T14:21:29","date_gmt":"2021-11-22T18:21:29","guid":{"rendered":"http:\/\/diariodominicano.com\/?p=310090"},"modified":"2021-11-22T19:54:03","modified_gmt":"2021-11-22T23:54:03","slug":"ministro-de-salud-aclara-gobierno-no-ha-sometido-un-nuevo-toque-de-queda","status":"publish","type":"post","link":"https:\/\/diariodominicano.com\/?p=310090","title":{"rendered":"Ministro de Salud: Gobierno no ha \u201csometido un nuevo toque de queda\u201d"},"content":{"rendered":"\n<p>diariodominicano.com<\/p>\n\n\n\n<p>Santo Domingo, R. D.,  22 de noviembre, 2021.\u2013 El ministro de Salud aclar\u00f3 este lunes que el Gobierno no ha emitido ning\u00fan decreto para establecer medidas que incluyan un nuevo horario en toque de queda, y atribuy\u00f3 a noticias \u201cfalsas\u201d la informaci\u00f3n que circula en ese sentido en redes sociales.<\/p>\n\n\n\n<p>El doctor Daniel Rivera dijo que eso es \u201cfalso, el presidente Lu\u00eds Abinader no ha emitido decreto con relaci\u00f3n a nuevas medidas por las proximidades de las navidades, los casos de COVID-19, la positividad, al igual que los indicadores de hospitalizaci\u00f3n han ido bajando, lo que indica que las medidas que se est\u00e1n tomando han dado buenos resultados en la poblaci\u00f3n\u201d<\/p>\n\n\n\n<p>El titular de Salud se\u00f1al\u00f3 que las autoridades decidir\u00e1n si las festividades navide\u00f1as del 2021, se van a celebrar bajo restricciones debido a la pandemia de COVID-19, de acuerdo al comportamiento de los casos que se observen en la siguiente semana, no obstante, expres\u00f3 que est\u00e1n disminuyendo.<\/p>\n\n\n\n<p>\u201cTengan por seguro que en la medida en que vayan mejorando los niveles en los indicadores, el Gabinete de Salud tomar\u00e1 medidas que vayan en beneficio de la poblaci\u00f3n para que disfruten las festividades por Navidad, no obstante, la gente debe continuar con las medidas y el protocolo establecido con el uso de la mascarilla y el distanciamiento f\u00edsico.<\/p>\n\n\n\n<p>Sobre el proceso de vacunaci\u00f3n, dijo que el pa\u00eds va rumbo al 78% de personas inmunizadas con la primera dosis, siendo uno de los mejores pa\u00edses del mundo con ese indicador. Pidi\u00f3 a la poblaci\u00f3n continuar con el proceso para completar el esquema con la segunda dosis, donde solo faltan unas 400 mil personas por la segunda dosis.<\/p>\n\n\n\n<p>De igual forma, felicit\u00f3 a los templos cat\u00f3licos por mantener a sus feligreses cumpliendo con el protocolo establecido y el uso de la mascarilla, al tiempo que pidi\u00f3 a los dem\u00e1s sectores de continuar colaborando para que la ciudadan\u00eda contin\u00fae con la aplicaci\u00f3n de la vacuna.<\/p>\n\n\n\n<p>Fuente:  Direcci\u00f3n de Comunicaci\u00f3n estrat\u00e9gica<\/p>\n\n\n\n<p>22 de noviembre de 2021.-<\/p>\n","protected":false},"excerpt":{"rendered":"<p>diariodominicano.com Santo Domingo, R. D., 22 de noviembre, 2021.\u2013 El ministro de Salud aclar\u00f3 este lunes que el Gobierno no ha emitido ning\u00fan decreto para establecer medidas que incluyan un nuevo horario en toque de queda, y atribuy\u00f3 a noticias \u201cfalsas\u201d la informaci\u00f3n que circula en ese sentido en redes sociales. El doctor Daniel Rivera [&hellip;]<\/p>\n","protected":false},"author":5,"featured_media":310091,"comment_status":"closed","ping_status":"","sticky":true,"template":"","format":"standard","meta":{"footnotes":""},"categories":[23,27],"tags":[],"class_list":["post-310090","post","type-post","status-publish","format-standard","has-post-thumbnail","hentry","category-internacional","category-portada"],"_links":{"self":[{"href":"https:\/\/diariodominicano.com\/index.php?rest_route=\/wp\/v2\/posts\/310090","targetHints":{"allow":["GET"]}}],"collection":[{"href":"https:\/\/diariodominicano.com\/index.php?rest_route=\/wp\/v2\/posts"}],"about":[{"href":"https:\/\/diariodominicano.com\/index.php?rest_route=\/wp\/v2\/types\/post"}],"author":[{"embeddable":true,"href":"https:\/\/diariodominicano.com\/index.php?rest_route=\/wp\/v2\/users\/5"}],"replies":[{"embeddable":true,"href":"https:\/\/diariodominicano.com\/index.php?rest_route=%2Fwp%2Fv2%2Fcomments&post=310090"}],"version-history":[{"count":2,"href":"https:\/\/diariodominicano.com\/index.php?rest_route=\/wp\/v2\/posts\/310090\/revisions"}],"predecessor-version":[{"id":310147,"href":"https:\/\/diariodominicano.com\/index.php?rest_route=\/wp\/v2\/posts\/310090\/revisions\/310147"}],"wp:featuredmedia":[{"embeddable":true,"href":"https:\/\/diariodominicano.com\/index.php?rest_route=\/wp\/v2\/media\/310091"}],"wp:attachment":[{"href":"https:\/\/diariodominicano.com\/index.php?rest_route=%2Fwp%2Fv2%2Fmedia&parent=310090"}],"wp:term":[{"taxonomy":"category","embeddable":true,"href":"https:\/\/diariodominicano.com\/index.php?rest_route=%2Fwp%2Fv2%2Fcategories&post=310090"},{"taxonomy":"post_tag","embeddable":true,"href":"https:\/\/diariodominicano.com\/index.php?rest_route=%2Fwp%2Fv2%2Ftags&post=310090"}],"curies":[{"name":"wp","href":"https:\/\/api.w.org\/{rel}","templated":true}]}}