{"id":310085,"date":"2021-11-22T13:59:42","date_gmt":"2021-11-22T17:59:42","guid":{"rendered":"http:\/\/diariodominicano.com\/?p=310085"},"modified":"2021-11-22T13:59:42","modified_gmt":"2021-11-22T17:59:42","slug":"consumo-de-hogares-alemanes-cae-3-por-ciento-en-2020-debido-a-covid-19","status":"publish","type":"post","link":"https:\/\/diariodominicano.com\/?p=310085","title":{"rendered":"Consumo de hogares alemanes cae 3 por ciento en 2020 debido a COVID-19"},"content":{"rendered":"\n<p>diariodominicano.com<a rel=\"noreferrer noopener\" href=\"https:\/\/www.xinhua-news.com\/gdsdetailxhs\/share\/10636158-?pageflag=iframe\" target=\"_blank\"><\/a><\/p>\n\n\n\n<pre id=\"text-news-description\" class=\"wp-block-preformatted\">    BERL\u00cdN, 22 nov (Xinhua) -- Los hogares alemanes redujeron su gasto de consumo mensual en 2020 en 3 por ciento, ya que la pandemia de COVID-19  \"afect\u00f3 notablemente\" el gasto privado, inform\u00f3 hoy lunes la Oficina Federal de Estad\u00edstica (Destatis).\n   El gasto promedio mensual de los hogares en Alemania disminuy\u00f3 a poco m\u00e1s de 2.500 euros (2.810 d\u00f3lares), se\u00f1al\u00f3 Destatis.\n   El gasto en servicios de restauraci\u00f3n y alojamiento fue el que m\u00e1s descendi\u00f3, 35 por ciento en comparaci\u00f3n con el a\u00f1o anterior. El segundo mayor descenso se registr\u00f3 en educaci\u00f3n, donde los alemanes gastaron 29 por ciento menos.\n   Debido a los confinamientos por la COVID-19, los consumidores alemanes se  \"centraron en el hogar, m\u00e1s muebles de interior, electrodom\u00e9sticos y textiles para el hogar\", se\u00f1al\u00f3 Destatis.\n   Los productos del hogar mostraron el mayor crecimiento, ya que los hogares gastaron un promedio de 160 euros al mes en este tipo de art\u00edculos el a\u00f1o pasado, alrededor de 13 por ciento m\u00e1s que en 2019, el a\u00f1o anterior a la pandemia, de acuerdo con Destatis. <\/pre>\n","protected":false},"excerpt":{"rendered":"<p>diariodominicano.com BERL\u00cdN, 22 nov (Xinhua) &#8212; Los hogares alemanes redujeron su gasto de consumo mensual en 2020 en 3 por ciento, ya que la pandemia de COVID-19 \u00abafect\u00f3 notablemente\u00bb el gasto privado, inform\u00f3 hoy lunes la Oficina Federal de Estad\u00edstica (Destatis). El gasto promedio mensual de los hogares en Alemania disminuy\u00f3 a poco m\u00e1s de [&hellip;]<\/p>\n","protected":false},"author":5,"featured_media":310086,"comment_status":"closed","ping_status":"","sticky":true,"template":"","format":"standard","meta":{"footnotes":""},"categories":[23,27],"tags":[],"class_list":["post-310085","post","type-post","status-publish","format-standard","has-post-thumbnail","hentry","category-internacional","category-portada"],"_links":{"self":[{"href":"https:\/\/diariodominicano.com\/index.php?rest_route=\/wp\/v2\/posts\/310085","targetHints":{"allow":["GET"]}}],"collection":[{"href":"https:\/\/diariodominicano.com\/index.php?rest_route=\/wp\/v2\/posts"}],"about":[{"href":"https:\/\/diariodominicano.com\/index.php?rest_route=\/wp\/v2\/types\/post"}],"author":[{"embeddable":true,"href":"https:\/\/diariodominicano.com\/index.php?rest_route=\/wp\/v2\/users\/5"}],"replies":[{"embeddable":true,"href":"https:\/\/diariodominicano.com\/index.php?rest_route=%2Fwp%2Fv2%2Fcomments&post=310085"}],"version-history":[{"count":1,"href":"https:\/\/diariodominicano.com\/index.php?rest_route=\/wp\/v2\/posts\/310085\/revisions"}],"predecessor-version":[{"id":310087,"href":"https:\/\/diariodominicano.com\/index.php?rest_route=\/wp\/v2\/posts\/310085\/revisions\/310087"}],"wp:featuredmedia":[{"embeddable":true,"href":"https:\/\/diariodominicano.com\/index.php?rest_route=\/wp\/v2\/media\/310086"}],"wp:attachment":[{"href":"https:\/\/diariodominicano.com\/index.php?rest_route=%2Fwp%2Fv2%2Fmedia&parent=310085"}],"wp:term":[{"taxonomy":"category","embeddable":true,"href":"https:\/\/diariodominicano.com\/index.php?rest_route=%2Fwp%2Fv2%2Fcategories&post=310085"},{"taxonomy":"post_tag","embeddable":true,"href":"https:\/\/diariodominicano.com\/index.php?rest_route=%2Fwp%2Fv2%2Ftags&post=310085"}],"curies":[{"name":"wp","href":"https:\/\/api.w.org\/{rel}","templated":true}]}}