{"id":310082,"date":"2021-11-22T13:53:27","date_gmt":"2021-11-22T17:53:27","guid":{"rendered":"http:\/\/diariodominicano.com\/?p=310082"},"modified":"2021-11-22T13:53:27","modified_gmt":"2021-11-22T17:53:27","slug":"policia-nacional-apresa-tres-personas-por-distintos-hechos-delictivos-en-el-cibao-central","status":"publish","type":"post","link":"https:\/\/diariodominicano.com\/?p=310082","title":{"rendered":"Polic\u00eda Nacional apresa tres personas por distintos hechos delictivos en el Cibao Central"},"content":{"rendered":"\n<p>diariodominicano.com<\/p>\n\n\n\n<p>Por violaci\u00f3n sexual, asalto y posesi\u00f3n de droga<\/p>\n\n\n\n<p>Santiago, R. D.,  22 de noviembre 2021.-  Fue apresado en la ciudad de La Vega \u00a0mediante orden judicial 595-2021-SAUT-2667, el nombrado Juli\u00e1n Alberto Ayala Hern\u00e1ndez, alias Alberto, de 29 a\u00f1os de edad, por el hecho de este ser presunto autor de abusar sexualmente de una menor de edad.<\/p>\n\n\n\n<p>En esta ciudad, tambi\u00e9n fue detenido &nbsp;Alexander Tejada Arias, de 19 a\u00f1os de edad, cuando se desplazaba en la motocicleta marca CG Z3000, color negro, sin placa, con un perfil sospechoso, por la calle Los Bolsillos de la secci\u00f3n Las Palomas, al Sur de esta ciudad.<\/p>\n\n\n\n<p>El mismo al ser requisado por los agentes actuantes, le ocuparon 11) bolsitas de un Vegetal, se presume que es marihuana, un celular y &nbsp;una indeterminada cantidad de dinero en efectivo.<\/p>\n\n\n\n<p>Finalmente, en la ciudad de Moca fue apresado Henry Santos Rodr\u00edguez, alias&nbsp; Llave 10 y\/o El Flaco, tras haber asaltado una banca de loter\u00eda ubicada en la autopista Ram\u00f3n C\u00e1ceres, y al momento de su detenci\u00f3n se le ocup\u00f3 una arma blanca tipo colin.<\/p>\n\n\n\n<p>En cuanto a los detenidos y lo ocupado, est\u00e1n bajo el control del Ministerio P\u00fablico para los fines de ley correspondientes.<\/p>\n\n\n\n<p>Fuente: OFICINA DE COMUNICACIONES ESTRAT\u00c9GICAS DIRECCI\u00d3N REGIONAL CIBAO CENTRAL.<br><br><strong>Subdirecci\u00f3n de Comunicaciones Estrat\u00e9gicas<\/strong><\/p>\n\n\n\n<p>Direcci\u00f3n Regional Cibao Central Polic\u00eda Nacional<\/p>\n\n\n\n<p><\/p>\n","protected":false},"excerpt":{"rendered":"<p>diariodominicano.com Por violaci\u00f3n sexual, asalto y posesi\u00f3n de droga Santiago, R. D., 22 de noviembre 2021.- Fue apresado en la ciudad de La Vega \u00a0mediante orden judicial 595-2021-SAUT-2667, el nombrado Juli\u00e1n Alberto Ayala Hern\u00e1ndez, alias Alberto, de 29 a\u00f1os de edad, por el hecho de este ser presunto autor de abusar sexualmente de una menor [&hellip;]<\/p>\n","protected":false},"author":5,"featured_media":310083,"comment_status":"closed","ping_status":"","sticky":true,"template":"","format":"standard","meta":{"footnotes":""},"categories":[24,27],"tags":[],"class_list":["post-310082","post","type-post","status-publish","format-standard","has-post-thumbnail","hentry","category-justicia-y-derecho","category-portada"],"_links":{"self":[{"href":"https:\/\/diariodominicano.com\/index.php?rest_route=\/wp\/v2\/posts\/310082","targetHints":{"allow":["GET"]}}],"collection":[{"href":"https:\/\/diariodominicano.com\/index.php?rest_route=\/wp\/v2\/posts"}],"about":[{"href":"https:\/\/diariodominicano.com\/index.php?rest_route=\/wp\/v2\/types\/post"}],"author":[{"embeddable":true,"href":"https:\/\/diariodominicano.com\/index.php?rest_route=\/wp\/v2\/users\/5"}],"replies":[{"embeddable":true,"href":"https:\/\/diariodominicano.com\/index.php?rest_route=%2Fwp%2Fv2%2Fcomments&post=310082"}],"version-history":[{"count":1,"href":"https:\/\/diariodominicano.com\/index.php?rest_route=\/wp\/v2\/posts\/310082\/revisions"}],"predecessor-version":[{"id":310084,"href":"https:\/\/diariodominicano.com\/index.php?rest_route=\/wp\/v2\/posts\/310082\/revisions\/310084"}],"wp:featuredmedia":[{"embeddable":true,"href":"https:\/\/diariodominicano.com\/index.php?rest_route=\/wp\/v2\/media\/310083"}],"wp:attachment":[{"href":"https:\/\/diariodominicano.com\/index.php?rest_route=%2Fwp%2Fv2%2Fmedia&parent=310082"}],"wp:term":[{"taxonomy":"category","embeddable":true,"href":"https:\/\/diariodominicano.com\/index.php?rest_route=%2Fwp%2Fv2%2Fcategories&post=310082"},{"taxonomy":"post_tag","embeddable":true,"href":"https:\/\/diariodominicano.com\/index.php?rest_route=%2Fwp%2Fv2%2Ftags&post=310082"}],"curies":[{"name":"wp","href":"https:\/\/api.w.org\/{rel}","templated":true}]}}