{"id":310069,"date":"2021-11-22T13:04:08","date_gmt":"2021-11-22T17:04:08","guid":{"rendered":"http:\/\/diariodominicano.com\/?p=310069"},"modified":"2021-11-22T13:05:04","modified_gmt":"2021-11-22T17:05:04","slug":"omsa-apuesta-a-un-transporte-mas-seguro-inicia-jornada-de-capacitacion-tecnica-de-conduccion-a-choferes","status":"publish","type":"post","link":"https:\/\/diariodominicano.com\/?p=310069","title":{"rendered":"OMSA apuesta a un transporte m\u00e1s seguro; inicia jornada de capacitaci\u00f3n t\u00e9cnica de conducci\u00f3n a choferes"},"content":{"rendered":"\n<p>diariodominicano.com<\/p>\n\n\n\n<p>Santo Domingo, R. D.,  22 de noviembre, 2021.-\u00a0 Con el objetivo de lograr un servicio de transporte m\u00e1s seguro, la Oficina Metropolitana de Servicios de Autobuses (OMSA) inici\u00f3 una jornada de capacitaci\u00f3n t\u00e9cnica de conducci\u00f3n a los choferes de autobuses de la entidad.<\/p>\n\n\n\n<p><br>En esta ocasi\u00f3n, la capacitaci\u00f3n fue organizada en coordinaci\u00f3n con la marca de autom\u00f3viles Volvo, a donde los choferes recibir\u00e1n una semana de capacitaci\u00f3n te\u00f3rico-pr\u00e1ctica sobre conducci\u00f3n y los componentes de los autobuses.<\/p>\n\n\n\n<p><br>Seg\u00fan el director de Operaciones, Alberto Lara, con esta capacitaci\u00f3n se busca mayor eficiencia de los choferes en las unidades de autobuses.<\/p>\n\n\n\n<p><br>De su lado, el asesor de servicios e instructor t\u00e9cnico de conducci\u00f3n de la Volvo, F\u00e9lix Portilla, explic\u00f3 que durante la capacitaci\u00f3n estar\u00e1n hablando con los choferes sobre el uso correcto de todas las funcionalidades de los autobuses, donde y cuando aplicarla, para que en la operaci\u00f3n sepan usar la m\u00e1s correcta.<\/p>\n\n\n\n<p><br>El impacto de esta capacitaci\u00f3n debe verse reflejado en el trabajo diario de los conductores, de manera que den un servicio m\u00e1s seguro a los usuarios de los autobuses, explic\u00f3 el instructor.<\/p>\n\n\n\n<p><br>De acuerdo con lo planificado, en una segunda etapa, los choferes ser\u00e1n capacitados por la fabricante de veh\u00edculos Mercedes Benz.<\/p>\n\n\n\n<p>Fuente:  <strong>Miguel Mart\u00ednez<\/strong><\/p>\n","protected":false},"excerpt":{"rendered":"<p>diariodominicano.com Santo Domingo, R. D., 22 de noviembre, 2021.-\u00a0 Con el objetivo de lograr un servicio de transporte m\u00e1s seguro, la Oficina Metropolitana de Servicios de Autobuses (OMSA) inici\u00f3 una jornada de capacitaci\u00f3n t\u00e9cnica de conducci\u00f3n a los choferes de autobuses de la entidad. En esta ocasi\u00f3n, la capacitaci\u00f3n fue organizada en coordinaci\u00f3n con la [&hellip;]<\/p>\n","protected":false},"author":5,"featured_media":310070,"comment_status":"closed","ping_status":"","sticky":true,"template":"","format":"standard","meta":{"footnotes":""},"categories":[20,27],"tags":[],"class_list":["post-310069","post","type-post","status-publish","format-standard","has-post-thumbnail","hentry","category-dominicana-hoy","category-portada"],"_links":{"self":[{"href":"https:\/\/diariodominicano.com\/index.php?rest_route=\/wp\/v2\/posts\/310069","targetHints":{"allow":["GET"]}}],"collection":[{"href":"https:\/\/diariodominicano.com\/index.php?rest_route=\/wp\/v2\/posts"}],"about":[{"href":"https:\/\/diariodominicano.com\/index.php?rest_route=\/wp\/v2\/types\/post"}],"author":[{"embeddable":true,"href":"https:\/\/diariodominicano.com\/index.php?rest_route=\/wp\/v2\/users\/5"}],"replies":[{"embeddable":true,"href":"https:\/\/diariodominicano.com\/index.php?rest_route=%2Fwp%2Fv2%2Fcomments&post=310069"}],"version-history":[{"count":2,"href":"https:\/\/diariodominicano.com\/index.php?rest_route=\/wp\/v2\/posts\/310069\/revisions"}],"predecessor-version":[{"id":310072,"href":"https:\/\/diariodominicano.com\/index.php?rest_route=\/wp\/v2\/posts\/310069\/revisions\/310072"}],"wp:featuredmedia":[{"embeddable":true,"href":"https:\/\/diariodominicano.com\/index.php?rest_route=\/wp\/v2\/media\/310070"}],"wp:attachment":[{"href":"https:\/\/diariodominicano.com\/index.php?rest_route=%2Fwp%2Fv2%2Fmedia&parent=310069"}],"wp:term":[{"taxonomy":"category","embeddable":true,"href":"https:\/\/diariodominicano.com\/index.php?rest_route=%2Fwp%2Fv2%2Fcategories&post=310069"},{"taxonomy":"post_tag","embeddable":true,"href":"https:\/\/diariodominicano.com\/index.php?rest_route=%2Fwp%2Fv2%2Ftags&post=310069"}],"curies":[{"name":"wp","href":"https:\/\/api.w.org\/{rel}","templated":true}]}}