{"id":310023,"date":"2021-11-22T10:35:42","date_gmt":"2021-11-22T14:35:42","guid":{"rendered":"http:\/\/diariodominicano.com\/?p=310023"},"modified":"2021-11-22T10:35:42","modified_gmt":"2021-11-22T14:35:42","slug":"jorge-mera-dice-avanza-recuperacion-de-areas-protegidas-en-valle-nuevo","status":"publish","type":"post","link":"https:\/\/diariodominicano.com\/?p=310023","title":{"rendered":"Jorge Mera dice avanza recuperaci\u00f3n de \u00e1reas protegidas en Valle Nuevo"},"content":{"rendered":"\n<p>diariodominicano.com<\/p>\n\n\n\n<p>El &nbsp;Ministro de Medio Ambiente y Recursos Naturales, doctor Orlando Jorge Mera, advirti\u00f3 que a partir del 30 de este mes no habr\u00e1 m\u00e1s producci\u00f3n de ciclo corto en el Parque Nacional Valle Nuevo, del lado de San Jos\u00e9 de Ocoa, donde tambi\u00e9n en los pr\u00f3ximos d\u00edas se adoptar\u00e1 una definici\u00f3n sobre los cultivos de ciclo largo existentes.<\/p>\n\n\n\n<p>Entrevistado por el periodista Federico M\u00e9ndez, en el programa Esferas de Poder, que se transmite los domingos de 8:00 a 9:00 de la ma\u00f1ana, por RNN Canal 27, manifest\u00f3 que se ha avanzado bastante en la recuperaci\u00f3n de \u00e1reas protegidas para liberarlas del sistema parcelario.<\/p>\n\n\n\n<p>\u201cYa estamos en la fase final del plan de recuperaci\u00f3n del Parque Nacional Valle Nuevo, del lado de Constanza estaremos ubicando a unos agricultores que quedaron pendientes desde el a\u00f1o 2016\u201d, signific\u00f3.<\/p>\n\n\n\n<p>Jorge Mera dijo que ya se han identificado unas propiedades que ser\u00e1n entregadas como parcelas a esos agricultores. \u201cCon eso vamos a concluir del lado Norte\u201d, dijo, reafirmar que el Ministerio de Medio Ambiente tiene total control del Parque Nacional Valle Nuevo.<\/p>\n\n\n\n<p>Mientras que del lado de San Jos\u00e9 de Ocoa, el funcionario afirm\u00f3 que tambi\u00e9n est\u00e1 en la parte final el trabajo de una serie de propuestas que se har\u00e1n a los agricultores y productores de la zona.<\/p>\n\n\n\n<p>El funcionario afirm\u00f3 que el Ministerio de Medio Ambiente tiene total control del Parque Valle Nuevo, del lado de La Vega y en el caso de Ocoa concluir\u00e1 el plan de recuperaci\u00f3n del \u00e1rea protegida.<\/p>\n\n\n\n<p>Jorge Mera inform\u00f3 que en los pr\u00f3ximos d\u00edas sostendr\u00e1 una reuni\u00f3n con la Asociaci\u00f3n de Productores Hort\u00edcolas de La Horma, durante la cual esperan llegar a un entendimiento.<\/p>\n\n\n\n<p>En este caso, sostuvo que el tema ten\u00eda a\u00f1os sin que hubiese voluntad pol\u00edtica para lograr la recuperaci\u00f3n total del Parque Valle Nuevo, lo cual afortunadamente con el presidente Luis Abinader a la cabeza se logr\u00f3.<\/p>\n\n\n\n<p>Manifest\u00f3 que del lado de Ocoa, el Ministerio de Medio Ambiente nunca hab\u00eda podido asumir el control de 115 kil\u00f3metros correspondiente al Parque Nacional Valle Nuevo, que estaba siendo explotado por agricultores y productores.<\/p>\n\n\n\n<p>\u201cDel lado de Ocoa, en un hecho sin precedentes, ya el Ministerio de Medio Ambiente tiene la posesi\u00f3n de unos 115 kil\u00f3metros cuadrados, del lado de Ocoa, el Parque Valle Nuevo tiene unos 915 kil\u00f3metros cuadrados\u201d, acot\u00f3.<\/p>\n\n\n\n<p>Indic\u00f3 que dos estaciones de vigilancia y protecci\u00f3n instaladas all\u00ed son las que mantienen la presencia de Medio Ambiente, donde ha tenido una buena relaci\u00f3n con los agricultores de la zona.<\/p>\n\n\n\n<p>Jorge Mera dijo que esos agricultores ser\u00e1n llevados a lugares donde tendr\u00e1n mejores condiciones, en vista de que existe un acuerdo con el programa Sup\u00e9rate, para que puedan tener, no solamente viviendas, sino tambi\u00e9n producci\u00f3n para poder vivir mejor.<\/p>\n\n\n\n<p>\u201cEstamos hablando de 50 familias que est\u00e1n viviendo del lado de Ocoa desde hace muchos a\u00f1os, pero en condiciones muy infrahumanas\u201d, adujo.<\/p>\n\n\n\n<p>Manifest\u00f3 que tras concluir en Ocoa, Medio Ambiente ir\u00e1 a la Sierra de Bahoruco donde har\u00e1 un plan de recuperaci\u00f3n que define como de vital importancia para la capacidad h\u00eddrica de Pedernales.<\/p>\n\n\n\n<p>\u201cAh\u00ed no hay muchos ocupantes, lo que hay es una producci\u00f3n agr\u00edcola fuerte y b\u00e1sicamente son no m\u00e1s de seis o siete productores de aguacate, con quienes estar\u00e9 en contacto con ellos en los pr\u00f3ximos meses\u201d, agreg\u00f3.<\/p>\n\n\n\n<p><strong>\u201cEl cambio clim\u00e1tico nos est\u00e1 afectando\u201d<\/strong><\/p>\n\n\n\n<p>El Ministro de Medio Ambiente y Recursos Naturales, Orlando Jorge Mera, afirm\u00f3&nbsp;que para el pa\u00eds ponerse en condiciones de enfrentar los efectos del cambio clim\u00e1tico requiere una inversi\u00f3n cuantiosa, frente a la cual plante\u00f3 que los pa\u00edses que m\u00e1s producen gases de efecto invernadero, que son los desarrollados, puedan facilitar financiamientos blandos.<\/p>\n\n\n\n<p>En este caso, Rep\u00fablica Dominicana ser\u00e1 beneficiaria de un gran proyecto de reforestaci\u00f3n y restauraci\u00f3n ecol\u00f3gica, de aqu\u00ed al 2030, como parte de una asignaci\u00f3n de US$18,000 millones destinados para muchos pa\u00edses.<\/p>\n\n\n\n<p>\u201cEsos son parte de los logros que nosotros obtuvimos en la conferencia de cambio clim\u00e1tico y que, l\u00f3gicamente, ser\u00e1 muy beneficioso para el pa\u00eds\u201d, recalc\u00f3.<\/p>\n\n\n\n<p>Record\u00f3 que plante\u00f3 en la 26\u00ba Conferencia de Cambio Clim\u00e1tico que Rep\u00fablica Dominicana se ubica en el d\u00e9cimo lugar entre los pa\u00edses m\u00e1s afectados con los efectos del cambio clim\u00e1tico.<\/p>\n\n\n\n<p>Expuso que fue al evento donde expuso que el pa\u00eds est\u00e1 sufriendo los efectos del cambio clim\u00e1tico como quiz\u00e1s ocurra en ning\u00fan otro pa\u00eds, porque el sargazo que afecta a las costas playeras viene desde el Sur de Am\u00e9rica y de \u00c1frica.<\/p>\n\n\n\n<p>\u201cLa erosi\u00f3n de las costas de Rep\u00fablica Dominicana es muy evidente y Hait\u00ed tiene un proceso de desertificaci\u00f3n muy profuso\u201d, subray\u00f3.<\/p>\n\n\n\n<p>El funcionario afirm\u00f3 que, en el caso de Hait\u00ed, solo el 1% de su territorio tiene capacidad boscosa, frente al 42% de la franja territorial de Rep\u00fablica Dominicana.<\/p>\n\n\n\n<p>Jorge Mera manifest\u00f3 que la misi\u00f3n del pa\u00eds es mantener y superar ese porcentaje, porque es la garant\u00eda del recurso agua y de que las principales cuencas hidrogr\u00e1ficas tengan el vital l\u00edquido.<\/p>\n\n\n\n<p>Aunque las generaciones actuales tienen garantizados el l\u00edquido, dijo que la labor est\u00e1 pensando en que las generaciones que vendr\u00e1n a partir de los pr\u00f3ximos a\u00f1os tengan suficiente agua.<\/p>\n\n\n\n<p><strong>\u201cHay que corregir una falla de origen en el TSE\u201d<\/strong><\/p>\n\n\n\n<p>El delegado pol\u00edtico del Partido Revolucionario Moderno (PRM) ante la Junta Central Electoral (JCE) afirm\u00f3 que en la reforma electoral planteada en el marco del di\u00e1logo convocado por el presidente Luis Abinader debe corregirse una falla de origen en el Tribunal Superior Electoral.<\/p>\n\n\n\n<p>Consider\u00f3 que esa falla tiene que ver con los aspectos legales de las apelaciones de las decisiones de la JCE.<\/p>\n\n\n\n<p>\u201cEn una situaci\u00f3n muy impropia, los temas que no incluyen a partidos pol\u00edticos se recurren ante el Tribunal Superior Administrativo, nosotros entendemos que eso debemos corregirlo para poner las cosas en su justo lugar y evitar una especie de conflicto entre poderes\u201d, signific\u00f3.<\/p>\n\n\n\n<p>Entiende que tanto los actos administrativos como las dem\u00e1s decisiones electorales con respecto a los partidos pol\u00edticos deben conocerse en el TSE.<\/p>\n\n\n\n<p>Fuente: Federico M\u00e9ndez Nova<\/p>\n","protected":false},"excerpt":{"rendered":"<p>diariodominicano.com El &nbsp;Ministro de Medio Ambiente y Recursos Naturales, doctor Orlando Jorge Mera, advirti\u00f3 que a partir del 30 de este mes no habr\u00e1 m\u00e1s producci\u00f3n de ciclo corto en el Parque Nacional Valle Nuevo, del lado de San Jos\u00e9 de Ocoa, donde tambi\u00e9n en los pr\u00f3ximos d\u00edas se adoptar\u00e1 una definici\u00f3n sobre los cultivos [&hellip;]<\/p>\n","protected":false},"author":5,"featured_media":310024,"comment_status":"closed","ping_status":"","sticky":true,"template":"","format":"standard","meta":{"footnotes":""},"categories":[20,27],"tags":[],"class_list":["post-310023","post","type-post","status-publish","format-standard","has-post-thumbnail","hentry","category-dominicana-hoy","category-portada"],"_links":{"self":[{"href":"https:\/\/diariodominicano.com\/index.php?rest_route=\/wp\/v2\/posts\/310023","targetHints":{"allow":["GET"]}}],"collection":[{"href":"https:\/\/diariodominicano.com\/index.php?rest_route=\/wp\/v2\/posts"}],"about":[{"href":"https:\/\/diariodominicano.com\/index.php?rest_route=\/wp\/v2\/types\/post"}],"author":[{"embeddable":true,"href":"https:\/\/diariodominicano.com\/index.php?rest_route=\/wp\/v2\/users\/5"}],"replies":[{"embeddable":true,"href":"https:\/\/diariodominicano.com\/index.php?rest_route=%2Fwp%2Fv2%2Fcomments&post=310023"}],"version-history":[{"count":1,"href":"https:\/\/diariodominicano.com\/index.php?rest_route=\/wp\/v2\/posts\/310023\/revisions"}],"predecessor-version":[{"id":310025,"href":"https:\/\/diariodominicano.com\/index.php?rest_route=\/wp\/v2\/posts\/310023\/revisions\/310025"}],"wp:featuredmedia":[{"embeddable":true,"href":"https:\/\/diariodominicano.com\/index.php?rest_route=\/wp\/v2\/media\/310024"}],"wp:attachment":[{"href":"https:\/\/diariodominicano.com\/index.php?rest_route=%2Fwp%2Fv2%2Fmedia&parent=310023"}],"wp:term":[{"taxonomy":"category","embeddable":true,"href":"https:\/\/diariodominicano.com\/index.php?rest_route=%2Fwp%2Fv2%2Fcategories&post=310023"},{"taxonomy":"post_tag","embeddable":true,"href":"https:\/\/diariodominicano.com\/index.php?rest_route=%2Fwp%2Fv2%2Ftags&post=310023"}],"curies":[{"name":"wp","href":"https:\/\/api.w.org\/{rel}","templated":true}]}}