{"id":310017,"date":"2021-11-22T09:37:14","date_gmt":"2021-11-22T13:37:14","guid":{"rendered":"http:\/\/diariodominicano.com\/?p=310017"},"modified":"2021-11-22T09:37:14","modified_gmt":"2021-11-22T13:37:14","slug":"presidente-de-los-ee-uu-invita-al-presidente-luis-abinader-a-cumbre-virtual-por-la-democracia","status":"publish","type":"post","link":"https:\/\/diariodominicano.com\/?p=310017","title":{"rendered":"Presidente de los EE. UU. invita al presidente Luis Abinader a Cumbre Virtual por la Democracia"},"content":{"rendered":"\n<p>diariodominicano.com<\/p>\n\n\n\n<p>Santo Domingo, 22 de noviembre, 2021.-  El presidente de los Estados Unidos, Joseph Robinette -Joe- Biden, invit\u00f3 a su hom\u00f3logo de\u00a0la Rep\u00fablica Dominicana, Luis Abinader, a la Cumbre Virtual por la Democracia, a celebrarse los d\u00edas 9 y 10 de\u00a0diciembre de este a\u00f1o.El prop\u00f3sito del encuentro es discutir medidas que fortalezcan la democracia y la protejan del autoritarismo.<\/p>\n\n\n\n<p>La comunicaci\u00f3n, traducida al espa\u00f1ol, con fecha del 9 de noviembre de 2021, fue cursada por la Embajada de&nbsp;los Estados Unidos a trav\u00e9s del Ministerio de&nbsp;Relaciones Exteriores de&nbsp;la Rep\u00fablica Dominicana, el 16 de noviembre.<\/p>\n\n\n\n<p>\u201cLe env\u00edo, en nombre del pueblo estadounidense, mis&nbsp;mejores deseos a usted, y al pueblo de la Rep\u00fablica Dominicana. Reconocemos y apreciamos su colaboraci\u00f3n en la construcci\u00f3n de sociedades democr\u00e1ticas y respetuosas de los derechos humanos que permitan a todos los ciudadanos prosperar\u201d, expresa Biden al presidente Abinader.<\/p>\n\n\n\n<p>Agrega en la misiva que, en un momento de importantes desaf\u00edos y enormes oportunidades, es m\u00e1s importante que nunca que las&nbsp;democracias demuestren que pueden satisfacer las necesidades de sus pueblos.<\/p>\n\n\n\n<p>\u201cPor ello, tengo el placer de&nbsp;invitarle a participar en la Cumbre Virtual por la Democracia los d\u00edas 9 y 10 de diciembre de 2021\u201d, precisa el presidente estadounidense en su carta. &nbsp;<\/p>\n\n\n\n<p>Indica, adem\u00e1s, que est\u00e1 invitando al encuentro a los presidentes y jefes de&nbsp;Gobierno, as\u00ed como a otros l\u00edderes gubernamentales y a las voces de las comunidades empresariales y no gubernamentales a que se unan a su iniciativa en la adopci\u00f3n de medidas para fortalecer la democracia&nbsp;y defenderla del autoritarismo.<\/p>\n\n\n\n<p>Asimismo, procuran combatir la corrupci\u00f3n y promover el respeto de&nbsp;los derechos humanos.<\/p>\n\n\n\n<p>\u201cEsperamos poder compartir m\u00e1s detalles en breve&nbsp;y escuchar sus ideas sobre c\u00f3mo podemos fomentar un mundo m\u00e1s democr\u00e1tico, equitativo, inclusivo y sostenible\u201d, expres\u00f3.<\/p>\n\n\n\n<p>Biden expresa que como pa\u00eds que se&nbsp;esfuerza constantemente por crear una sociedad m\u00e1s justa y equitativa, Estados Unidos acoger\u00e1 la Cumbre para la Democracia con humildad y con un esp\u00edritu de aprendizaje mutuo.<\/p>\n\n\n\n<p>\u201cJuntos nos embarcaremos en el trabajo necesario para dar forma a un futuro pr\u00f3spero y pac\u00edfico construido sobre\u00a0el respeto de los derechos y las\u00a0aspiraciones de\u00a0todas las personas. Deseo con ansias darle la bienvenida y unirme a ustedes en este esfuerzo\u201d, concluy\u00f3 Biden.<\/p>\n\n\n\n<p>Fuente: Direcci\u00f3n de Estrategia y Comunicaci\u00f3n Gubernamental<\/p>\n\n\n\n<p>Ministerio Administrativo de la Presidencia de la Rep\u00fablica Dominicana<\/p>\n","protected":false},"excerpt":{"rendered":"<p>diariodominicano.com Santo Domingo, 22 de noviembre, 2021.- El presidente de los Estados Unidos, Joseph Robinette -Joe- Biden, invit\u00f3 a su hom\u00f3logo de\u00a0la Rep\u00fablica Dominicana, Luis Abinader, a la Cumbre Virtual por la Democracia, a celebrarse los d\u00edas 9 y 10 de\u00a0diciembre de este a\u00f1o.El prop\u00f3sito del encuentro es discutir medidas que fortalezcan la democracia y [&hellip;]<\/p>\n","protected":false},"author":5,"featured_media":310018,"comment_status":"closed","ping_status":"","sticky":true,"template":"","format":"standard","meta":{"footnotes":""},"categories":[20,27],"tags":[],"class_list":["post-310017","post","type-post","status-publish","format-standard","has-post-thumbnail","hentry","category-dominicana-hoy","category-portada"],"_links":{"self":[{"href":"https:\/\/diariodominicano.com\/index.php?rest_route=\/wp\/v2\/posts\/310017","targetHints":{"allow":["GET"]}}],"collection":[{"href":"https:\/\/diariodominicano.com\/index.php?rest_route=\/wp\/v2\/posts"}],"about":[{"href":"https:\/\/diariodominicano.com\/index.php?rest_route=\/wp\/v2\/types\/post"}],"author":[{"embeddable":true,"href":"https:\/\/diariodominicano.com\/index.php?rest_route=\/wp\/v2\/users\/5"}],"replies":[{"embeddable":true,"href":"https:\/\/diariodominicano.com\/index.php?rest_route=%2Fwp%2Fv2%2Fcomments&post=310017"}],"version-history":[{"count":1,"href":"https:\/\/diariodominicano.com\/index.php?rest_route=\/wp\/v2\/posts\/310017\/revisions"}],"predecessor-version":[{"id":310019,"href":"https:\/\/diariodominicano.com\/index.php?rest_route=\/wp\/v2\/posts\/310017\/revisions\/310019"}],"wp:featuredmedia":[{"embeddable":true,"href":"https:\/\/diariodominicano.com\/index.php?rest_route=\/wp\/v2\/media\/310018"}],"wp:attachment":[{"href":"https:\/\/diariodominicano.com\/index.php?rest_route=%2Fwp%2Fv2%2Fmedia&parent=310017"}],"wp:term":[{"taxonomy":"category","embeddable":true,"href":"https:\/\/diariodominicano.com\/index.php?rest_route=%2Fwp%2Fv2%2Fcategories&post=310017"},{"taxonomy":"post_tag","embeddable":true,"href":"https:\/\/diariodominicano.com\/index.php?rest_route=%2Fwp%2Fv2%2Ftags&post=310017"}],"curies":[{"name":"wp","href":"https:\/\/api.w.org\/{rel}","templated":true}]}}