{"id":310013,"date":"2021-11-22T09:28:03","date_gmt":"2021-11-22T13:28:03","guid":{"rendered":"http:\/\/diariodominicano.com\/?p=310013"},"modified":"2021-11-22T09:28:03","modified_gmt":"2021-11-22T13:28:03","slug":"regalemos-un-libro-en-navidad","status":"publish","type":"post","link":"https:\/\/diariodominicano.com\/?p=310013","title":{"rendered":"!Regalemos un libro en Navidad!"},"content":{"rendered":"\n<p>Por Franklin Almeyda Rancier<\/p>\n\n\n\n<p>Santo Domingo, R. D.,  22 de noviembre, 2021.-  Seria apropiado regalar un libro en navidad, aunque vaya acompa\u00f1ado de una bebida para \u201cpopis\u201d o para \u201cwua wu\u00e1\u201d. Si el regalo es s\u00f3lo la bebida, parecer\u00eda que se le dice otra cosa al que recibe. Se sabe hay bebidas caras para \u201cpopis\u201d y baratas para \u201cwua wua\u201d, as\u00ed tambi\u00e9n hay libros a precios diferentes; los libros se encarecen cuando el material usado es de calidad, pero no por su contenido. En cambio, una bebida lo es por su contenido y envase.<\/p>\n\n\n\n<p>He puesto a manos de todos la historia novelada \u201cMarr\u00f3n Tierra &amp; Negra Noche\u201d, expuesta a la venta en las librer\u00edas \u201cCuesta del Libro\u201d, \u201cLa Trinitaria\u201d y \u201cAmazon\u201d a un precio al alcance de cualquier persona.<\/p>\n\n\n\n<p>Esta escrita para f\u00e1cil lectura en dos planos paralelos, ficci\u00f3n y realidad;&nbsp; atrapa por la ficci\u00f3n y\/o &nbsp;deslumbra por el cuidado en presentar los hechos con fuentes irrefutables. Celebraremos su puesta en circulaci\u00f3n para el Cibao, el viernes pr\u00f3ximo, 26 de este mes, a las 7 pm en la \u201cSociedad Cultural Alianza Cibae\u00f1a\u201d, abierta y solo controles sanitarios.<\/p>\n\n\n\n<p>El panel lo integran reconocidos intelectuales cibae\u00f1os: Bruno Rosario Candelier, Director de la \u201cAcad\u00e9mia de la Lengua Espa\u00f1ola\u201d, Edwin Espinal miembro de la \u201cAcademia de Historia\u201d, Luis C\u00f3rdova miembro de la \u201cSociedad Cultural Alianza Cibae\u00f1a\u201d y Dem\u00f3stenes Mart\u00ednez abogado y comunicador. La moderaci\u00f3n estar\u00e1 a cargo de Asha Nazir y la semblanza por Lincy Kasahara, asi como maestras de ceremonia Altagracia Gonz\u00e1lez y Aida Dilon\u00e9.<\/p>\n\n\n\n<p>Revisando en los medios digitales podemos encontrar valiosa informaci\u00f3n sobre el valor de la lectura. Por ejemplo,<strong> <\/strong>los ciudadanos que m\u00e1s horas leen a la semana son tailandeses 9.4 horas, chinos 8 horas, filipinos y egipcios, respectivamente, 7.3 horas, checos 7.2 horas. Otros estudios sobre cantidad de libros: Finlandia promedia por habitantes 47 libros al a\u00f1o e Islandia&nbsp;&nbsp;&nbsp; 40.2.<\/p>\n\n\n\n<p>China edita al a\u00f1o 440,000 libros (t\u00edtulos), le sigue EE.UU con 304,000, Rusia con 120,000. De su parte la UNESCO refiere que el 91% de la poblaci\u00f3n japonesa lee con frecuencia, sigui\u00e9ndole Corea del Sur con el 65%.<\/p>\n\n\n\n<p>La Organizaci\u00f3n para la Cooperaci\u00f3n y el Desarrollo Econ\u00f3mico (OCDE) realiz\u00f3 un estudio sobre la poblacion que mejor comprensi\u00f3n lo que lee arrojando que los finlandeses encabezan, seguidos por los canadienses, la de Nueva Zelandia y austr\u00edacos. A su vez Suecia figura con un 80% de&nbsp; lectores de por lo menos un libro en su vida; siguen los finlandeses el 75% y los brit\u00e1nicos 74%.<\/p>\n\n\n\n<p>La conocida Prueba Pisa que se aplica sobre puntaje promedio en lectura, su informe de 2018, y anunciado desde Santo Domingo en diciembre 2019, la Rep\u00fablica Dominicana qued\u00f3 situada en el pen\u00faltimo lugar de 76 pa\u00edses. Los primeros 15 fueron: China, Singapur, Macao (China), Hong Kong (China), Estonia, Canada, Finlandia, Irlanda, Corea, Polonia, Suecia, Nueva Zelandia, Estados Unidos, Reino Unido y Jap\u00f3n.<\/p>\n\n\n\n<p>Un dato que involucra, sin dudas, a los dominicanos que vivenen EE.UU, lo ofrece la Asociaci\u00f3n Nacional para Educaci\u00f3n (NEA) de ese pa\u00eds, que da &nbsp;cuenta de que el 26.5%&nbsp; de los latinos que viven all\u00e1 son lectores.<\/p>\n\n\n\n<p>Regala un libro en navidad, acompa\u00f1ado o no, es una recomendaci\u00f3n que retomamos de quien en una \u00e9poca como esta lo escribi\u00f3 en uno de sus editoriales, el destacado director de medios impresos, don Rafael Herrera Cabral,<\/p>\n","protected":false},"excerpt":{"rendered":"<p>Por Franklin Almeyda Rancier Santo Domingo, R. D., 22 de noviembre, 2021.- Seria apropiado regalar un libro en navidad, aunque vaya acompa\u00f1ado de una bebida para \u201cpopis\u201d o para \u201cwua wu\u00e1\u201d. Si el regalo es s\u00f3lo la bebida, parecer\u00eda que se le dice otra cosa al que recibe. Se sabe hay bebidas caras para \u201cpopis\u201d [&hellip;]<\/p>\n","protected":false},"author":5,"featured_media":306638,"comment_status":"closed","ping_status":"","sticky":true,"template":"","format":"standard","meta":{"footnotes":""},"categories":[19,27],"tags":[],"class_list":["post-310013","post","type-post","status-publish","format-standard","has-post-thumbnail","hentry","category-mi-voz","category-portada"],"_links":{"self":[{"href":"https:\/\/diariodominicano.com\/index.php?rest_route=\/wp\/v2\/posts\/310013","targetHints":{"allow":["GET"]}}],"collection":[{"href":"https:\/\/diariodominicano.com\/index.php?rest_route=\/wp\/v2\/posts"}],"about":[{"href":"https:\/\/diariodominicano.com\/index.php?rest_route=\/wp\/v2\/types\/post"}],"author":[{"embeddable":true,"href":"https:\/\/diariodominicano.com\/index.php?rest_route=\/wp\/v2\/users\/5"}],"replies":[{"embeddable":true,"href":"https:\/\/diariodominicano.com\/index.php?rest_route=%2Fwp%2Fv2%2Fcomments&post=310013"}],"version-history":[{"count":1,"href":"https:\/\/diariodominicano.com\/index.php?rest_route=\/wp\/v2\/posts\/310013\/revisions"}],"predecessor-version":[{"id":310014,"href":"https:\/\/diariodominicano.com\/index.php?rest_route=\/wp\/v2\/posts\/310013\/revisions\/310014"}],"wp:featuredmedia":[{"embeddable":true,"href":"https:\/\/diariodominicano.com\/index.php?rest_route=\/wp\/v2\/media\/306638"}],"wp:attachment":[{"href":"https:\/\/diariodominicano.com\/index.php?rest_route=%2Fwp%2Fv2%2Fmedia&parent=310013"}],"wp:term":[{"taxonomy":"category","embeddable":true,"href":"https:\/\/diariodominicano.com\/index.php?rest_route=%2Fwp%2Fv2%2Fcategories&post=310013"},{"taxonomy":"post_tag","embeddable":true,"href":"https:\/\/diariodominicano.com\/index.php?rest_route=%2Fwp%2Fv2%2Ftags&post=310013"}],"curies":[{"name":"wp","href":"https:\/\/api.w.org\/{rel}","templated":true}]}}