{"id":309961,"date":"2021-11-21T22:58:26","date_gmt":"2021-11-22T02:58:26","guid":{"rendered":"http:\/\/diariodominicano.com\/?p=309961"},"modified":"2025-12-29T01:04:11","modified_gmt":"2025-12-29T05:04:11","slug":"prensa-latina-pide-ampliar-cooperacion-en-cumbre-de-medios-en-china","status":"publish","type":"post","link":"https:\/\/diariodominicano.com\/?p=309961","title":{"rendered":"Prensa Latina pide ampliar cooperaci\u00f3n en cumbre de medios en China"},"content":{"rendered":"\n<h1 class=\"wp-block-heading\"><\/h1>\n\n\n\n<p>Beijing, 22 nov (Prensa Latina) La Agencia Informativa Latinoamericana Prensa Latina propuso hoy en la cuarta Cumbre Mundial de Medios, abierta en China, ampliar la cooperaci\u00f3n en el sector para combatir la desinformaci\u00f3n y emplear eficazmente las tecnolog\u00edas de la comunicaci\u00f3n.<\/p>\n\n\n\n<ul class=\"wp-block-list\"><li>noviembre 21, 2021<\/li><li>CST21:21 (GMT) -0500<\/li><\/ul>\n\n\n\n<p>Al intervenir ante el foro por videoenlance desde Cuba, el presidente de dicha instituci\u00f3n, Luis Enrique Gonz\u00e1lez, enfatiz\u00f3 en la necesidad de crear nuevas alianzas, trabajar en red y compartir informaci\u00f3n precisa, evitando la desinformaci\u00f3n y las \u201cfake news\u201d (noticias falsas).<\/p>\n\n\n\n<p>\u201cLos medios de comunicaci\u00f3n e informaci\u00f3n estamos llamados a convertirnos de una vez en, como dice una de las tem\u00e1ticas centrales de esta cita, en puentes de la civilizaci\u00f3n (\u2026) Hemos avanzado en esta experiencia, pero debemos consolidar los acuerdos y convenios, sobre todo hacer efectivas la cooperaci\u00f3n y la solidaridad\u201d, acot\u00f3.<\/p>\n\n\n\n<p>En ese camino de crecimiento \u2013remarc\u00f3- Prensa Latina a pesar de grandes dificultades econ\u00f3micas y tecnol\u00f3gicas, pone a disposici\u00f3n de todos los participantes de la Cumbre su modesta experiencia y la plena voluntad de cooperaci\u00f3n.<\/p>\n\n\n\n<p>\u201cEstamos dispuestos a ofrecer prestaciones diversas a medios del mundo, con base en el intercambio y beneficio mutuo, con la premisa de estar siempre al servicio de la verdad. Para crecer hoy es necesario invertir y emplear eficientemente las tecnolog\u00edas de la informaci\u00f3n y la comunicaci\u00f3n, las distintas plataformas digitales y las redes sociales\u201d, precis\u00f3.<\/p>\n\n\n\n<p>Gonz\u00e1lez record\u00f3 que Prensa Latina -fundada en 1959- es la primera instituci\u00f3n alternativa de prensa latinoamericana de alcance internacional y la principal agencia de noticias nativa de toda Am\u00e9rica Latina y el Caribe, y ahora tiene corresponsales en medio centenar de pa\u00edses.<\/p>\n\n\n\n<p>\u201cLa experiencia acumulada en m\u00e1s de seis d\u00e9cadas, dando cobertura a movilizaciones sociales, conflictos b\u00e9licos y desastres naturales, entre otros acontecimientos, nos prepar\u00f3 para enfrentar la actual pandemia de Covid-19\u201d, asever\u00f3 Gonz\u00e1lez.<\/p>\n\n\n\n<p>Encomi\u00f3 la labor ininterrumpida de los corresponsales en el exterior pese al impacto de la Covid-19 y la cobertura a hechos como los esfuerzos de las brigadas m\u00e9dicas cubanas en 60 pa\u00edses, el desarrollo de cinco vacunas en la isla caribe\u00f1a y su aplicaci\u00f3n a casi todos sus habitantes.<\/p>\n\n\n\n<p>\u201cQuien est\u00e9 interesado en conocer la realidad de la regi\u00f3n y de Cuba no puede dejar de acudir a Prensa Latina. Nuestros art\u00edculos y entrevistas, historias de cient\u00edficos y especialistas sobre la producci\u00f3n de vacunas y el proceso de inmunizaci\u00f3n, en particular en Cuba, son referencia internacional\u201d, ampli\u00f3.<\/p>\n\n\n\n<p>Revel\u00f3 que desde el advenimiento de la pandemia de Covid-19, el sitio de Prensa Latina (www.prensa-latina.cu) es el de mayor tr\u00e1fico en internet dentro de la naci\u00f3n caribe\u00f1a y el mejor ubicado en el ranking universal en la web, lo cual refleja su alcance incuestionable.<\/p>\n\n\n\n<p>\u201cLa pandemia nos ha convencido de la certeza de ser multimedios. De la necesidad de un desarrollo cient\u00edfico y tecnol\u00f3gico permanente para mostrar la mejor visi\u00f3n de la labor period\u00edstica. Creatividad e ingenio, adaptaci\u00f3n a los nuevos c\u00f3digos comunicacionales, retroalimentaci\u00f3n efectiva y evaluaci\u00f3n son retos constantes\u201d, puntualiz\u00f3.<\/p>\n\n\n\n<p>Asimismo, denunci\u00f3 las dificultades de Prensa Latina en el \u00e1rea tecnol\u00f3gica, por tener sede central en Cuba y enfrentar las medidas del bloqueo, sufriendo incluso el cierre de las cuentas bancarias de corresponsal\u00edas en muchos pa\u00edses, por presiones de Estados Unidos y el efecto extraterritorial de sus sanciones.<\/p>\n\n\n\n<p>Resalt\u00f3 la capacidad de la agencia de reinventarse gracias a la pr\u00e1ctica y el talento de sus profesionales y t\u00e9cnicos, y tambi\u00e9n de las experiencias de muchos de los medios presentes en la Cumbre.<\/p>\n\n\n\n<p>Entre otras cuestiones, signific\u00f3, las alianzas con casi 150 medios de todo el planeta, la transmisi\u00f3n de informaciones en seis idiomas y ofertas de servicios televisivos, radiales y editoriales.<\/p>\n\n\n\n<p>La Cumbre Mundial de Medios naci\u00f3 en 2009 y la lanzaron nueve organizaciones de prensa con influencia global, incluidas las agencias Xinhua (China), Associated Press (Estados Unidos), Reuters (Reino Unido), TASS (Rusia) y Kyodo News (Jap\u00f3n).<\/p>\n\n\n\n<p>Prensa Latina fue una de las organizaciones asistentes a la primera edici\u00f3n, efectuada ese mismo a\u00f1o en Beijing; mientras las posteriores tuvieron lugar en Mosc\u00fa (2012) y Doha (2016).<\/p>\n\n\n\n<p>jha\/ymr<\/p>\n","protected":false},"excerpt":{"rendered":"<p>Beijing, 22 nov (Prensa Latina) La Agencia Informativa Latinoamericana Prensa Latina propuso hoy en la cuarta Cumbre Mundial de Medios, abierta en China, ampliar la cooperaci\u00f3n en el sector para combatir la desinformaci\u00f3n y emplear eficazmente las tecnolog\u00edas de la comunicaci\u00f3n. noviembre 21, 2021 CST21:21 (GMT) -0500 Al intervenir ante el foro por videoenlance desde [&hellip;]<\/p>\n","protected":false},"author":2,"featured_media":0,"comment_status":"closed","ping_status":"closed","sticky":false,"template":"","format":"standard","meta":{"footnotes":""},"categories":[23],"tags":[3556],"class_list":["post-309961","post","type-post","status-publish","format-standard","hentry","category-internacional","tag-prensa-latina"],"_links":{"self":[{"href":"https:\/\/diariodominicano.com\/index.php?rest_route=\/wp\/v2\/posts\/309961","targetHints":{"allow":["GET"]}}],"collection":[{"href":"https:\/\/diariodominicano.com\/index.php?rest_route=\/wp\/v2\/posts"}],"about":[{"href":"https:\/\/diariodominicano.com\/index.php?rest_route=\/wp\/v2\/types\/post"}],"author":[{"embeddable":true,"href":"https:\/\/diariodominicano.com\/index.php?rest_route=\/wp\/v2\/users\/2"}],"replies":[{"embeddable":true,"href":"https:\/\/diariodominicano.com\/index.php?rest_route=%2Fwp%2Fv2%2Fcomments&post=309961"}],"version-history":[{"count":1,"href":"https:\/\/diariodominicano.com\/index.php?rest_route=\/wp\/v2\/posts\/309961\/revisions"}],"predecessor-version":[{"id":309962,"href":"https:\/\/diariodominicano.com\/index.php?rest_route=\/wp\/v2\/posts\/309961\/revisions\/309962"}],"wp:attachment":[{"href":"https:\/\/diariodominicano.com\/index.php?rest_route=%2Fwp%2Fv2%2Fmedia&parent=309961"}],"wp:term":[{"taxonomy":"category","embeddable":true,"href":"https:\/\/diariodominicano.com\/index.php?rest_route=%2Fwp%2Fv2%2Fcategories&post=309961"},{"taxonomy":"post_tag","embeddable":true,"href":"https:\/\/diariodominicano.com\/index.php?rest_route=%2Fwp%2Fv2%2Ftags&post=309961"}],"curies":[{"name":"wp","href":"https:\/\/api.w.org\/{rel}","templated":true}]}}