{"id":309929,"date":"2021-11-21T21:12:44","date_gmt":"2021-11-22T01:12:44","guid":{"rendered":"http:\/\/diariodominicano.com\/?p=309929"},"modified":"2021-11-21T21:12:44","modified_gmt":"2021-11-22T01:12:44","slug":"feller-rate-otorga-calificacion-a-a-la-empresa-generadora-de-electricidad-itabo","status":"publish","type":"post","link":"https:\/\/diariodominicano.com\/?p=309929","title":{"rendered":"Feller Rate otorga calificaci\u00f3n A+ a la Empresa Generadora de Electricidad ITABO"},"content":{"rendered":"\n<p><strong><em>La calificaci\u00f3n, de las m\u00e1s altas en el mercado, refleja una gesti\u00f3n de negocios adecuada y una posici\u00f3n financiera robusta en un generador de bajo costo en el mercado el\u00e9ctrico de Rep\u00fablica Dominicana, caracter\u00edstica que le garantiza ser una unidad base del sistema el\u00e9ctrico.<\/em><\/strong><\/p>\n\n\n\n<p><strong>SANTO DOMINGO, Rep\u00fablica Dominicana:&nbsp;<\/strong>.- Feller Rate asign\u00f3 la calificaci\u00f3n \u201cA+\u201d a la solvencia y los bonos corporativos, con perspectiva estable, de la Empresa Generadora de Electricidad Itabo, S.A. (EGE Itabo), lo cual refleja una gesti\u00f3n de negocios adecuada y una posici\u00f3n financiera robusta.<\/p>\n\n\n\n<p>De acuerdo con la agencia calificadora, el perfil de negocios de EGE ITABO, con una capacidad total de 295 MW,&nbsp;se basa en su posici\u00f3n como un generador de bajo costo en el mercado el\u00e9ctrico de Rep\u00fablica Dominicana, caracter\u00edstica que le garantiza ser una unidad base del sistema.<\/p>\n\n\n\n<p>La liquidez de la compa\u00f1\u00eda, seg\u00fan Feller Rate, est\u00e1 calificada de robusta debido a su posici\u00f3n de caja, al cierre de junio de 2021 frente a su deuda financiera en el corto plazo. A esto se suma la presencia de l\u00edneas de cr\u00e9dito y un amplio acceso al mercado de capitales.<\/p>\n\n\n\n<p>EGE Itabo mantiene un endeudamiento financiero moderado, el cual se encuentra estructurado en el largo plazo, mientras los indicadores de cobertura de la compa\u00f1\u00eda se mantienen s\u00f3lidos.<\/p>\n\n\n\n<p>Revela que la empresa contempla la emisi\u00f3n de bonos corporativos por hasta US$150 millones, de los cuales US$100 millones se destinar\u00e1n al refinanciamiento de la deuda ya existente y el resto al financiamiento de proyectos de expansi\u00f3n.<\/p>\n\n\n\n<p>\u201cSe espera que la compa\u00f1\u00eda mantenga una s\u00f3lida posici\u00f3n de liquidez, que le permita hacer frente a necesidades de capital de trabajo que puedan surgir por la volatilidad de su generaci\u00f3n de flujos. Asimismo, se espera que la compa\u00f1\u00eda logre recontratar su capacidad instalada una vez que terminen los contratos con las empresas de distribuci\u00f3n, manteniendo una baja exposici\u00f3n al mercado spot\u201d, subraya Feller Rate.<\/p>\n\n\n\n<p><strong>Sobre ITABO<\/strong><\/p>\n\n\n\n<p>Empresa Generadora de Electricidad ITABO S.A. (\u201cITABO\u201d) es una empresa fruto del proceso de capitalizaci\u00f3n de activos de la antigua CDE a finales de los 90, y es una empresa de capital mixto p\u00fablico y privado, donde el accionista privado es quien administra y opera los activos.&nbsp;Fue fundada en 1999, a partir del proceso de reforma y capitalizaci\u00f3n de las empresas del Estado.<\/p>\n\n\n\n<p>La planta ITABO se encuentra aproximadamente a 2 Km al oeste de la costa occidental del puerto de Haina y posee un puerto internacional para descargar el carb\u00f3n utilizado para la generaci\u00f3n.&nbsp; Recientemente, el 50% del capital accionario de la parte privada de Itabo fue adquirido por el Grupo Linda&nbsp;<\/p>\n\n\n\n<p>En el 2020, Itabo aport\u00f3 al sistema el\u00e9ctrico 9.01%, equivalente a\u00a01,591.77\u00a0GWh. Las unidades Itabo I e Itabo II, se mantienen constantemente realizando mejoras en sus procesos para continuar brindando al sistema una efectiva y segura generaci\u00f3n el\u00e9ctrica, producida por uno de los combustibles m\u00e1s econ\u00f3micos, el carb\u00f3n mineral.<\/p>\n\n\n\n<figure class=\"wp-block-table\"><table><tbody><tr><td><strong>L\u00eda \u00c1lvarez L\u00f3pez<\/strong>&nbsp;&lt;lalvarez@mediaticos.com.do&gt;<\/td><td><img decoding=\"async\" src=\"https:\/\/mail.google.com\/mail\/u\/0\/images\/cleardot.gif\" alt=\"Adjuntos\"><\/td><td><\/td><td><img decoding=\"async\" src=\"https:\/\/mail.google.com\/mail\/u\/0\/images\/cleardot.gif\" alt=\"\"><img decoding=\"async\" src=\"https:\/\/mail.google.com\/mail\/u\/0\/images\/cleardot.gif\" alt=\"\"><\/td><\/tr><tr><td><\/td><\/tr><\/tbody><\/table><\/figure>\n\n\n\n<p>&#8212;<\/p>\n","protected":false},"excerpt":{"rendered":"<p>La calificaci\u00f3n, de las m\u00e1s altas en el mercado, refleja una gesti\u00f3n de negocios adecuada y una posici\u00f3n financiera robusta en un generador de bajo costo en el mercado el\u00e9ctrico de Rep\u00fablica Dominicana, caracter\u00edstica que le garantiza ser una unidad base del sistema el\u00e9ctrico. SANTO DOMINGO, Rep\u00fablica Dominicana:&nbsp;.- Feller Rate asign\u00f3 la calificaci\u00f3n \u201cA+\u201d a [&hellip;]<\/p>\n","protected":false},"author":2,"featured_media":309930,"comment_status":"closed","ping_status":"","sticky":true,"template":"","format":"standard","meta":{"footnotes":""},"categories":[18,27],"tags":[],"class_list":["post-309929","post","type-post","status-publish","format-standard","has-post-thumbnail","hentry","category-economia","category-portada"],"_links":{"self":[{"href":"https:\/\/diariodominicano.com\/index.php?rest_route=\/wp\/v2\/posts\/309929","targetHints":{"allow":["GET"]}}],"collection":[{"href":"https:\/\/diariodominicano.com\/index.php?rest_route=\/wp\/v2\/posts"}],"about":[{"href":"https:\/\/diariodominicano.com\/index.php?rest_route=\/wp\/v2\/types\/post"}],"author":[{"embeddable":true,"href":"https:\/\/diariodominicano.com\/index.php?rest_route=\/wp\/v2\/users\/2"}],"replies":[{"embeddable":true,"href":"https:\/\/diariodominicano.com\/index.php?rest_route=%2Fwp%2Fv2%2Fcomments&post=309929"}],"version-history":[{"count":1,"href":"https:\/\/diariodominicano.com\/index.php?rest_route=\/wp\/v2\/posts\/309929\/revisions"}],"predecessor-version":[{"id":309931,"href":"https:\/\/diariodominicano.com\/index.php?rest_route=\/wp\/v2\/posts\/309929\/revisions\/309931"}],"wp:featuredmedia":[{"embeddable":true,"href":"https:\/\/diariodominicano.com\/index.php?rest_route=\/wp\/v2\/media\/309930"}],"wp:attachment":[{"href":"https:\/\/diariodominicano.com\/index.php?rest_route=%2Fwp%2Fv2%2Fmedia&parent=309929"}],"wp:term":[{"taxonomy":"category","embeddable":true,"href":"https:\/\/diariodominicano.com\/index.php?rest_route=%2Fwp%2Fv2%2Fcategories&post=309929"},{"taxonomy":"post_tag","embeddable":true,"href":"https:\/\/diariodominicano.com\/index.php?rest_route=%2Fwp%2Fv2%2Ftags&post=309929"}],"curies":[{"name":"wp","href":"https:\/\/api.w.org\/{rel}","templated":true}]}}