{"id":309923,"date":"2021-11-21T20:49:00","date_gmt":"2021-11-22T00:49:00","guid":{"rendered":"http:\/\/diariodominicano.com\/?p=309923"},"modified":"2021-11-21T20:56:21","modified_gmt":"2021-11-22T00:56:21","slug":"organismos-del-pld-reportan-validacion-de-comites-de-base-y-registro-de-nuevos-miembros-en-amplias-jornadas-del-fin-de-semana","status":"publish","type":"post","link":"https:\/\/diariodominicano.com\/?p=309923","title":{"rendered":"Organismos del PLD reportan validaci\u00f3n de Comit\u00e9s de Base y registro de nuevos miembros en amplias jornadas del fin de semana"},"content":{"rendered":"\n<p><strong>Santo Domingo, RD.-<\/strong> Las direcciones municipales, provinciales, de Circunscripciones Electorales y de Intermedios del Partido de la Liberaci\u00f3n Dominicana (PLD) reportaron, v\u00edas sus Enlaces,\u00a0\u00a0\u00a0la\u00a0\u00a0continuaci\u00f3n del proceso de validaci\u00f3n de los organismos de base, agotando una de las fases de la implementaci\u00f3n de la L\u00ednea Organizativa y Electoral, inform\u00f3 el domingo en un comunicado de prensa la secretar\u00eda de Comunicaciones del PLD..<\/p>\n\n\n\n<p><\/p>\n\n\n\n<p>En la &nbsp;&nbsp;Secretaria de Enlaces y Comunicaci\u00f3n Interna se recibieron informes&nbsp;&nbsp;de&nbsp;&nbsp;reuniones y encuentros en todo el pa\u00eds trabajando&nbsp;&nbsp;validaci\u00f3n de organismos y miembros, que se implementa a la par con el registro de nuevos miembros.<\/p>\n\n\n\n<figure class=\"wp-block-image size-full\"><img loading=\"lazy\" decoding=\"async\" width=\"1024\" height=\"768\" src=\"https:\/\/diariodominicano.com\/wp-content\/uploads\/2021\/11\/validacion-AZ.jpg\" alt=\"\" class=\"wp-image-309925\" srcset=\"https:\/\/diariodominicano.com\/wp-content\/uploads\/2021\/11\/validacion-AZ.jpg 1024w, https:\/\/diariodominicano.com\/wp-content\/uploads\/2021\/11\/validacion-AZ-300x225.jpg 300w, https:\/\/diariodominicano.com\/wp-content\/uploads\/2021\/11\/validacion-AZ-768x576.jpg 768w, https:\/\/diariodominicano.com\/wp-content\/uploads\/2021\/11\/validacion-AZ-816x612.jpg 816w\" sizes=\"auto, (max-width: 1024px) 100vw, 1024px\" \/><\/figure>\n\n\n\n<p>Las comisiones de Validaci\u00f3n y Soporte se encargan de hacer los registros en la Plataforma Digital de la CILOE, creada para anotar all\u00ed las novedades encontradas en el inventario de Presidentes de Comit\u00e9s de Base y sus miembros.<\/p>\n\n\n\n<p>Una gran parte de los reportes se hacen acompa\u00f1ar con im\u00e1genes fotogr\u00e1ficas que demuestran las reuniones y asambleas realizadas en una tarea, que es un mandato del IX Congreso Ordinario Jos\u00e9 Joaqu\u00edn Bid\u00f3 Medina.<\/p>\n\n\n\n<p>Las reuniones se realizan en locales del PLD en provincias, lugares p\u00fablicos, patios y enramadas, con facilidades de conexi\u00f3n a Internet para de inmediato registrar las novedades en la plataforma.<\/p>\n\n\n\n<figure class=\"wp-block-image size-large\"><img loading=\"lazy\" decoding=\"async\" width=\"1024\" height=\"768\" src=\"https:\/\/diariodominicano.com\/wp-content\/uploads\/2021\/11\/validacion-VR-1024x768.jpg\" alt=\"\" class=\"wp-image-309926\" srcset=\"https:\/\/diariodominicano.com\/wp-content\/uploads\/2021\/11\/validacion-VR-1024x768.jpg 1024w, https:\/\/diariodominicano.com\/wp-content\/uploads\/2021\/11\/validacion-VR-300x225.jpg 300w, https:\/\/diariodominicano.com\/wp-content\/uploads\/2021\/11\/validacion-VR-768x576.jpg 768w, https:\/\/diariodominicano.com\/wp-content\/uploads\/2021\/11\/validacion-VR-1536x1152.jpg 1536w, https:\/\/diariodominicano.com\/wp-content\/uploads\/2021\/11\/validacion-VR-816x612.jpg 816w, https:\/\/diariodominicano.com\/wp-content\/uploads\/2021\/11\/validacion-VR.jpg 1600w\" sizes=\"auto, (max-width: 1024px) 100vw, 1024px\" \/><\/figure>\n\n\n\n<p>El trabajo en los organismos del PLD continua en la presente fase que tiene como meta escoger los comit\u00e9s de direcciones de los organismos de coordinaci\u00f3n de los municipios, provincias,&nbsp;&nbsp;&nbsp;&nbsp;&nbsp;&nbsp;&nbsp;&nbsp;&nbsp;&nbsp;&nbsp;&nbsp;&nbsp;distritos municipales&nbsp;&nbsp;y Comit\u00e9s Intermedios, posterior a su multiplicaci\u00f3n.<\/p>\n\n\n\n<p><strong>SECRETARIA DE COMUNICACIONES<\/strong><\/p>\n\n\n\n<p><strong>21 NOVIEMBRE 2021<\/strong><\/p>\n","protected":false},"excerpt":{"rendered":"<p>Santo Domingo, RD.- Las direcciones municipales, provinciales, de Circunscripciones Electorales y de Intermedios del Partido de la Liberaci\u00f3n Dominicana (PLD) reportaron, v\u00edas sus Enlaces,\u00a0\u00a0\u00a0la\u00a0\u00a0continuaci\u00f3n del proceso de validaci\u00f3n de los organismos de base, agotando una de las fases de la implementaci\u00f3n de la L\u00ednea Organizativa y Electoral, inform\u00f3 el domingo en un comunicado de prensa [&hellip;]<\/p>\n","protected":false},"author":2,"featured_media":309924,"comment_status":"closed","ping_status":"","sticky":true,"template":"","format":"standard","meta":{"footnotes":""},"categories":[22,27],"tags":[],"class_list":["post-309923","post","type-post","status-publish","format-standard","has-post-thumbnail","hentry","category-politica","category-portada"],"_links":{"self":[{"href":"https:\/\/diariodominicano.com\/index.php?rest_route=\/wp\/v2\/posts\/309923","targetHints":{"allow":["GET"]}}],"collection":[{"href":"https:\/\/diariodominicano.com\/index.php?rest_route=\/wp\/v2\/posts"}],"about":[{"href":"https:\/\/diariodominicano.com\/index.php?rest_route=\/wp\/v2\/types\/post"}],"author":[{"embeddable":true,"href":"https:\/\/diariodominicano.com\/index.php?rest_route=\/wp\/v2\/users\/2"}],"replies":[{"embeddable":true,"href":"https:\/\/diariodominicano.com\/index.php?rest_route=%2Fwp%2Fv2%2Fcomments&post=309923"}],"version-history":[{"count":2,"href":"https:\/\/diariodominicano.com\/index.php?rest_route=\/wp\/v2\/posts\/309923\/revisions"}],"predecessor-version":[{"id":309928,"href":"https:\/\/diariodominicano.com\/index.php?rest_route=\/wp\/v2\/posts\/309923\/revisions\/309928"}],"wp:featuredmedia":[{"embeddable":true,"href":"https:\/\/diariodominicano.com\/index.php?rest_route=\/wp\/v2\/media\/309924"}],"wp:attachment":[{"href":"https:\/\/diariodominicano.com\/index.php?rest_route=%2Fwp%2Fv2%2Fmedia&parent=309923"}],"wp:term":[{"taxonomy":"category","embeddable":true,"href":"https:\/\/diariodominicano.com\/index.php?rest_route=%2Fwp%2Fv2%2Fcategories&post=309923"},{"taxonomy":"post_tag","embeddable":true,"href":"https:\/\/diariodominicano.com\/index.php?rest_route=%2Fwp%2Fv2%2Ftags&post=309923"}],"curies":[{"name":"wp","href":"https:\/\/api.w.org\/{rel}","templated":true}]}}