{"id":309889,"date":"2021-11-21T18:55:21","date_gmt":"2021-11-21T22:55:21","guid":{"rendered":"http:\/\/diariodominicano.com\/?p=309889"},"modified":"2021-11-21T20:34:39","modified_gmt":"2021-11-22T00:34:39","slug":"carlos-guzman-encabeza-masiva-jornada-de-inscripcion-a-la-fuerza-del-pueblo-en-sdn","status":"publish","type":"post","link":"https:\/\/diariodominicano.com\/?p=309889","title":{"rendered":"Carlos Guzm\u00e1n encabeza  jornada de inscripci\u00f3n a la Fuerza del Pueblo en SDN"},"content":{"rendered":"\n<p>Santo Domingo, RD. &#8211; El integrante de la Direcci\u00f3n Pol\u00edtica del partido Fuerza del Pueblo y alcalde del municipio Santo Domingo Norte (SDN), Carlos Guzm\u00e1n, realiz\u00f3 un amplio recorrido por diversos sectores de la demarcaci\u00f3n, dando continuidad al Programa Nacional de Afiliaci\u00f3n (PNA), que desarrolla la organizaci\u00f3n pol\u00edtica a nivel nacional.<\/p>\n\n\n\n<p>En ese sentido, Carlos Guzm\u00e1n recorri\u00f3 los barrios del Milloncito, Villa Pompa, Villa Germ\u00e1n, Villa Esperanza y Barrio Nuevo de Sabana Perdida, donde encabez\u00f3 una jornada de inscripci\u00f3n y contacto con la gente.<\/p>\n\n\n\n<p>Guzm\u00e1n estuvo acompa\u00f1ado por el presidente de la circunscripci\u00f3n n\u00famero 6 de la Fuerza del Pueblo, Pablo Olmo, junto con los dirigentes de la Direcci\u00f3n Central, la diputada Dulce Rojas, el exalcalde Jes\u00fas F\u00e9lix, Nicol\u00e1s Fortunato, Reinaldo Soriano, V\u00edctor Pav\u00f3n, Pedro Casta\u00f1o, entre otros, bajo el liderazgo del presidente de la organizaci\u00f3n pol\u00edtica doctor Leonel Fern\u00e1ndez.<\/p>\n","protected":false},"excerpt":{"rendered":"<p>Santo Domingo, RD. &#8211; El integrante de la Direcci\u00f3n Pol\u00edtica del partido Fuerza del Pueblo y alcalde del municipio Santo Domingo Norte (SDN), Carlos Guzm\u00e1n, realiz\u00f3 un amplio recorrido por diversos sectores de la demarcaci\u00f3n, dando continuidad al Programa Nacional de Afiliaci\u00f3n (PNA), que desarrolla la organizaci\u00f3n pol\u00edtica a nivel nacional. En ese sentido, Carlos [&hellip;]<\/p>\n","protected":false},"author":7,"featured_media":309900,"comment_status":"closed","ping_status":"","sticky":true,"template":"","format":"standard","meta":{"footnotes":""},"categories":[22,27],"tags":[],"class_list":["post-309889","post","type-post","status-publish","format-standard","has-post-thumbnail","hentry","category-politica","category-portada"],"_links":{"self":[{"href":"https:\/\/diariodominicano.com\/index.php?rest_route=\/wp\/v2\/posts\/309889","targetHints":{"allow":["GET"]}}],"collection":[{"href":"https:\/\/diariodominicano.com\/index.php?rest_route=\/wp\/v2\/posts"}],"about":[{"href":"https:\/\/diariodominicano.com\/index.php?rest_route=\/wp\/v2\/types\/post"}],"author":[{"embeddable":true,"href":"https:\/\/diariodominicano.com\/index.php?rest_route=\/wp\/v2\/users\/7"}],"replies":[{"embeddable":true,"href":"https:\/\/diariodominicano.com\/index.php?rest_route=%2Fwp%2Fv2%2Fcomments&post=309889"}],"version-history":[{"count":2,"href":"https:\/\/diariodominicano.com\/index.php?rest_route=\/wp\/v2\/posts\/309889\/revisions"}],"predecessor-version":[{"id":309919,"href":"https:\/\/diariodominicano.com\/index.php?rest_route=\/wp\/v2\/posts\/309889\/revisions\/309919"}],"wp:featuredmedia":[{"embeddable":true,"href":"https:\/\/diariodominicano.com\/index.php?rest_route=\/wp\/v2\/media\/309900"}],"wp:attachment":[{"href":"https:\/\/diariodominicano.com\/index.php?rest_route=%2Fwp%2Fv2%2Fmedia&parent=309889"}],"wp:term":[{"taxonomy":"category","embeddable":true,"href":"https:\/\/diariodominicano.com\/index.php?rest_route=%2Fwp%2Fv2%2Fcategories&post=309889"},{"taxonomy":"post_tag","embeddable":true,"href":"https:\/\/diariodominicano.com\/index.php?rest_route=%2Fwp%2Fv2%2Ftags&post=309889"}],"curies":[{"name":"wp","href":"https:\/\/api.w.org\/{rel}","templated":true}]}}