{"id":309865,"date":"2021-11-21T14:52:41","date_gmt":"2021-11-21T18:52:41","guid":{"rendered":"http:\/\/diariodominicano.com\/?p=309865"},"modified":"2021-11-21T14:53:44","modified_gmt":"2021-11-21T18:53:44","slug":"ministerio-publico-deposito-en-el-tribunal-mas-de-15-mil-paginas-de-evidencias-en-caso-coral-5g","status":"publish","type":"post","link":"https:\/\/diariodominicano.com\/?p=309865","title":{"rendered":"Ministerio P\u00fablico deposit\u00f3 en el tribunal m\u00e1s de 15 mil p\u00e1ginas de evidencias en Caso Coral\u00a0 5G"},"content":{"rendered":"\n<p><\/p>\n\n\n\n<p><em><u><strong>Wilson Camacho indic\u00f3 que, por el alto volumen de evidencias, la defensa pidi\u00f3 el aplazamiento de la audiencia<\/strong><\/u><\/em><\/p>\n\n\n\n<p><strong>SANTO DOMINGO, Rep\u00fablica Dominicana).-<\/strong> El procurador adjunto Wilson Camacho dijo este domingo que el Ministerio P\u00fablico est\u00e1 preparado para conocer la medida de coerci\u00f3n del Caso Coral 5G, al destacar que el \u00f3rgano ha aportado en este proceso m\u00e1s de 15 mil p\u00e1ginas de evidencias en contra de los imputados por corrupci\u00f3n administrativa.<\/p>\n\n\n\n<p>Contra los involucrados, la Procuradur\u00eda Especializada de Persecuci\u00f3n de la Corrupci\u00f3n Administrativa (Pepca), dirigida por Camacho, solicit\u00f3 a la Oficina Judicial de Servicios de Atenci\u00f3n Permanente del Distrito Nacional que imponga 18 meses de prisi\u00f3n preventiva contra 13 detenidos durante la Operaci\u00f3n Coral G5 y que el caso se declare complejo.<\/p>\n\n\n\n<figure class=\"wp-block-image size-large\"><img loading=\"lazy\" decoding=\"async\" width=\"1024\" height=\"683\" src=\"https:\/\/diariodominicano.com\/wp-content\/uploads\/2021\/11\/IMG_9326-1024x683.jpg\" alt=\"\" class=\"wp-image-309867\" srcset=\"https:\/\/diariodominicano.com\/wp-content\/uploads\/2021\/11\/IMG_9326-1024x683.jpg 1024w, https:\/\/diariodominicano.com\/wp-content\/uploads\/2021\/11\/IMG_9326-300x200.jpg 300w, https:\/\/diariodominicano.com\/wp-content\/uploads\/2021\/11\/IMG_9326-768x512.jpg 768w, https:\/\/diariodominicano.com\/wp-content\/uploads\/2021\/11\/IMG_9326-1536x1025.jpg 1536w, https:\/\/diariodominicano.com\/wp-content\/uploads\/2021\/11\/IMG_9326-816x544.jpg 816w, https:\/\/diariodominicano.com\/wp-content\/uploads\/2021\/11\/IMG_9326.jpg 1875w\" sizes=\"auto, (max-width: 1024px) 100vw, 1024px\" \/><\/figure>\n\n\n\n<p>\u201cEl Ministerio P\u00fablico como en todos sus procesos, vino hoy listo, m\u00e1s que listo, para conocer la presente solicitud de medida de coerci\u00f3n. Nosotros hemos dicho, lo reiteramos: venimos a los tribunales cuando tenemos nuestros procesos blindados y eso ha sucedido una vez m\u00e1s\u201d, dijo el representante del Ministerio P\u00fablico a la prensa, a la salida del tribunal, luego del aplazamiento de la audiencia para el pr\u00f3ximo jueves 25 de noviembre, a las 11:00 de la ma\u00f1ana.<\/p>\n\n\n\n<p>\u201cLa defensa, como consecuencia del alto volumen de evidencias presentadas por el Ministerio P\u00fablico, y eso es as\u00ed, hemos depositado m\u00e1s de 15 mil p\u00e1ginas de evidencias, ha solicitado al tribunal un aplazamiento y que se le otorgue tiempo para revisarlas\u201d, explic\u00f3 Camacho cuando respond\u00eda a preguntas de los representantes de los diferentes medios de comunicaci\u00f3n.<\/p>\n\n\n\n<p>Destac\u00f3 que los representantes del \u00f3rgano acusador son respetuosos del debido proceso. \u201cHemos estado de acuerdo con que se aplace la audiencia para que la defensa revise el alto volumen de evidencias que ha presentado el Ministerio P\u00fablico en este caso\u201d, dijo.<\/p>\n\n\n\n<p>Adem\u00e1s, indic\u00f3 que las personas que colaboren con la investigaci\u00f3n deben tener un tratamiento diferente. \u201cNosotros estamos abiertos a cualquier persona que est\u00e9 procesada, que colabore con la investigaci\u00f3n y el Ministerio P\u00fablico se comportar\u00e1 en consecuencia\u201d, sostuvo.<\/p>\n\n\n\n<p>Destac\u00f3 tambi\u00e9n que esta es una investigaci\u00f3n abierta. \u201cComo nosotros dijimos en la primera parte de Coral, de que habr\u00eda m\u00e1s procesados, aqu\u00ed est\u00e1n los procesados que hab\u00edamos dicho\u201d, resalt\u00f3 el titular de la Pepca.<\/p>\n\n\n\n<p>Explic\u00f3 que la investigaci\u00f3n todav\u00eda no se cierra, por lo que, en consecuencia, tampoco se cierra la posibilidad de que haya m\u00e1s personas procesadas en esta operaci\u00f3n Coral 5G. \u201cEsta es una investigaci\u00f3n abierta. Nosotros seguimos recopilando la informaci\u00f3n necesaria e incautando bienes. Solo cuando tenemos nuestros procesos blindados con relaci\u00f3n a todas las personas que nosotros decidamos procesar, ser\u00e1n presentadas ante los tribunales\u201d, subray\u00f3 el representante del Ministerio P\u00fablico.<\/p>\n\n\n\n<p>El juez Emmanuel L\u00f3pez, de la Oficina Judicial de Servicios de Atenci\u00f3n Permanente del Distrito Nacional, quien conoc\u00eda este domingo la solicitud de coerci\u00f3n del Ministerio P\u00fablico, dispuso su aplazamiento para el pr\u00f3ximo jueves, luego de acoger el pedimento de las defensas.<\/p>\n\n\n\n<p>El Ministerio P\u00fablico deposit\u00f3 la noche del viernes la solicitud de medida de coerci\u00f3n junto a m\u00e1s de 700 pruebas que vinculan a los imputados al entramado de corrupci\u00f3n administrativa desmantelado con la Operaci\u00f3n Coral 5G.<\/p>\n\n\n\n<p>La medida fue solicitada en contra de los generales Juan Carlos Torres Robiou (FARD), Julio Camilo de los Santos (FARD) y Boanerges Reyes Batista (ARD), as\u00ed como del capit\u00e1n de nav\u00edo Franklin Antonio Mata Flores (ARD), los coroneles Carlos Augusto Lantigua Cruz, Yehudy Blandesmil Guzm\u00e1n Alc\u00e1ntara, Miguel Ventura Pichardo (FARD) y el teniente coronel Erasmo Roger P\u00e9rez N\u00fa\u00f1ez (FARD).<\/p>\n\n\n\n<p>Tambi\u00e9n, contra el teniente coronel Kelman Santana Mart\u00ednez (ERD) y el mayor Jos\u00e9 Manuel Rosario Pir\u00f3n (PN). Igualmente, el primer teniente Jehohanan Luc\u00eda Rodr\u00edguez Jim\u00e9nez, C\u00e9sar F\u00e9lix Ramos Ovalle y Esmeralda Ortega Polanco.<\/p>\n\n\n\n<p>El auto de solicitud incluye documentos de bancos, t\u00edtulos de propiedad, bienes inmuebles que han sido decomisados y una serie de elementos probatorios.<\/p>\n\n\n\n<p>En este caso tambi\u00e9n representan al Ministerio P\u00fablico los fiscales Mirna Ortiz, coordinadora litigaci\u00f3n de la Pepca; Miguel Collado, Mar\u00eda Melenciano, Jonathan P\u00e9rez, Emmanuel Ram\u00edrez, Arolin Lemos F\u00e9liz, Melvin Romero.<\/p>\n\n\n\n<p>El grupo de imputados de la Operaci\u00f3n Coral 5G es custodiado por el sistema penitenciario en el Centro de Atenci\u00f3n y Privaci\u00f3n de Libertad Provisional (Caplip) del Palacio de Justicia de Ciudad Nueva.<\/p>\n\n\n\n<p>La red de corrupci\u00f3n desmantelada con las operaciones Coral y Coral 5G movi\u00f3 al menos 4,500 millones de pesos, ha establecido el Ministerio P\u00fablico durante la investigaci\u00f3n.<\/p>\n\n\n\n<p>A los oficiales de cuerpos castrenses, incluyendo generales, se les ha ocupado hasta el momento unas 125 propiedades.<\/p>\n\n\n\n<p>La Operaci\u00f3n Coral 5G se ejecut\u00f3 en el marco de 49 allanamientos en el Distrito Nacional y las provincias Santo Domingo, Santiago y La Vega, en una acci\u00f3n sincronizada dirigida por los procuradores adjuntos Yeni Berenice Reynoso y Wilson Camacho, responsables de la Direcci\u00f3n General de Persecuci\u00f3n del Ministerio P\u00fablico y la Pepca.<\/p>\n\n\n\n<p>Estas nuevas acciones contra la corrupci\u00f3n administrativa se suman a las realizadas por la Operaci\u00f3n Coral, por la que tambi\u00e9n desde mayo pasado cumplen prisi\u00f3n preventiva de 18 meses varios miembros de la Polic\u00eda Nacional y organismos castrenses.<\/p>\n\n\n\n<p><strong>Direcci\u00f3n de Comunicaci\u00f3n y Prensa<\/strong><\/p>\n\n\n\n<p><strong>Procuradur\u00eda General-Ministerio P\u00fablico RD<\/strong><\/p>\n\n\n\n<p><strong>Domingo, 21 de noviembre de 2021.<\/strong><\/p>\n\n\n\n<p>Diariodominicano.com El medio de comunicaci\u00f3n<\/p>\n\n\n\n<p><\/p>\n\n\n\n<p><\/p>\n","protected":false},"excerpt":{"rendered":"<p>Wilson Camacho indic\u00f3 que, por el alto volumen de evidencias, la defensa pidi\u00f3 el aplazamiento de la audiencia SANTO DOMINGO, Rep\u00fablica Dominicana).- El procurador adjunto Wilson Camacho dijo este domingo que el Ministerio P\u00fablico est\u00e1 preparado para conocer la medida de coerci\u00f3n del Caso Coral 5G, al destacar que el \u00f3rgano ha aportado en este [&hellip;]<\/p>\n","protected":false},"author":2,"featured_media":309866,"comment_status":"closed","ping_status":"","sticky":true,"template":"","format":"standard","meta":{"footnotes":""},"categories":[24,27],"tags":[],"class_list":["post-309865","post","type-post","status-publish","format-standard","has-post-thumbnail","hentry","category-justicia-y-derecho","category-portada"],"_links":{"self":[{"href":"https:\/\/diariodominicano.com\/index.php?rest_route=\/wp\/v2\/posts\/309865","targetHints":{"allow":["GET"]}}],"collection":[{"href":"https:\/\/diariodominicano.com\/index.php?rest_route=\/wp\/v2\/posts"}],"about":[{"href":"https:\/\/diariodominicano.com\/index.php?rest_route=\/wp\/v2\/types\/post"}],"author":[{"embeddable":true,"href":"https:\/\/diariodominicano.com\/index.php?rest_route=\/wp\/v2\/users\/2"}],"replies":[{"embeddable":true,"href":"https:\/\/diariodominicano.com\/index.php?rest_route=%2Fwp%2Fv2%2Fcomments&post=309865"}],"version-history":[{"count":3,"href":"https:\/\/diariodominicano.com\/index.php?rest_route=\/wp\/v2\/posts\/309865\/revisions"}],"predecessor-version":[{"id":309870,"href":"https:\/\/diariodominicano.com\/index.php?rest_route=\/wp\/v2\/posts\/309865\/revisions\/309870"}],"wp:featuredmedia":[{"embeddable":true,"href":"https:\/\/diariodominicano.com\/index.php?rest_route=\/wp\/v2\/media\/309866"}],"wp:attachment":[{"href":"https:\/\/diariodominicano.com\/index.php?rest_route=%2Fwp%2Fv2%2Fmedia&parent=309865"}],"wp:term":[{"taxonomy":"category","embeddable":true,"href":"https:\/\/diariodominicano.com\/index.php?rest_route=%2Fwp%2Fv2%2Fcategories&post=309865"},{"taxonomy":"post_tag","embeddable":true,"href":"https:\/\/diariodominicano.com\/index.php?rest_route=%2Fwp%2Fv2%2Ftags&post=309865"}],"curies":[{"name":"wp","href":"https:\/\/api.w.org\/{rel}","templated":true}]}}