{"id":309830,"date":"2021-11-21T12:01:07","date_gmt":"2021-11-21T16:01:07","guid":{"rendered":"http:\/\/diariodominicano.com\/?p=309830"},"modified":"2021-11-21T12:14:03","modified_gmt":"2021-11-21T16:14:03","slug":"miguel-vargas-el-prd-tiene-una-deuda-con-el-cooperativismo-en-republica-dominicana","status":"publish","type":"post","link":"https:\/\/diariodominicano.com\/?p=309830","title":{"rendered":"Miguel Vargas: \u201cEl PRD tiene una deuda con el cooperativismo en Rep\u00fablica Dominicana\u201d"},"content":{"rendered":"\n<p><strong>Santo Domingo.-<\/strong> El Partido Revolucionario Dominicano (PRD) est\u00e1 comprometido con la redefinici\u00f3n del marco legal del Instituto de Desarrollo y Cr\u00e9dito Cooperativo (IDECOOP), pues tiene una deuda con el cooperativismo nacional, movimiento que amerita una actualizaci\u00f3n legislativa acorde con las exigencias del pa\u00eds.<\/p>\n\n\n\n<p>As\u00ed lo manifest\u00f3 el presidente y l\u00edder del PRD, ingeniero Miguel Vargas Maldonado, quien este fin de semana jurament\u00f3 a m\u00e1s de un centenar de dirigentes cooperativistas de distintos puntos de la geograf\u00eda nacional, que se comprometieron a trabajar con ah\u00ednco en favor de la organizaci\u00f3n pol\u00edtica y del inter\u00e9s nacional.<\/p>\n\n\n\n<p><br>Al referirse a los temas pendientes en torno al cooperativismo, el ingeniero Vargas Maldonado sostuvo que \u201cesta actividad se ha desarrollado bajo esquemas pr\u00e1cticamente artesanales, limit\u00e1ndose al fomento y desarrollo de cooperativas de servicios m\u00faltiples orientados al ahorro, que fomentan la producci\u00f3n y son de gran apoyo al sector agr\u00edcola. Sin embargo, las legislaciones que rigen el sector est\u00e1n totalmente obsoletas\u201d.<br>Explic\u00f3 que en el pa\u00eds se han desarrollado dos tipos de cooperativas: las de servicios m\u00faltiples que funcionan pr\u00e1cticamente como bancos, y las cooperativas sectoriales, como la de los maestros, por ejemplo.<\/p>\n\n\n\n<figure class=\"wp-block-image size-large\"><img loading=\"lazy\" decoding=\"async\" width=\"1024\" height=\"497\" src=\"https:\/\/diariodominicano.com\/wp-content\/uploads\/2021\/11\/WhatsApp-Image-2021-11-21-at-10.53.47-AM-1024x497.jpeg\" alt=\"\" class=\"wp-image-309833\" srcset=\"https:\/\/diariodominicano.com\/wp-content\/uploads\/2021\/11\/WhatsApp-Image-2021-11-21-at-10.53.47-AM-1024x497.jpeg 1024w, https:\/\/diariodominicano.com\/wp-content\/uploads\/2021\/11\/WhatsApp-Image-2021-11-21-at-10.53.47-AM-300x146.jpeg 300w, https:\/\/diariodominicano.com\/wp-content\/uploads\/2021\/11\/WhatsApp-Image-2021-11-21-at-10.53.47-AM-768x373.jpeg 768w, https:\/\/diariodominicano.com\/wp-content\/uploads\/2021\/11\/WhatsApp-Image-2021-11-21-at-10.53.47-AM-1536x746.jpeg 1536w, https:\/\/diariodominicano.com\/wp-content\/uploads\/2021\/11\/WhatsApp-Image-2021-11-21-at-10.53.47-AM-816x396.jpeg 816w, https:\/\/diariodominicano.com\/wp-content\/uploads\/2021\/11\/WhatsApp-Image-2021-11-21-at-10.53.47-AM.jpeg 1600w\" sizes=\"auto, (max-width: 1024px) 100vw, 1024px\" \/><\/figure>\n\n\n\n<p>\u201cHoy las mismas agrupaciones que asocian las cooperativas demandan mejoras en su supervisi\u00f3n y fiscalizaci\u00f3n. Es urgente mejorar el r\u00e9gimen de regulaci\u00f3n y supervisi\u00f3n a las cooperativas de ahorro y cr\u00e9dito que hacen operaciones de intermediaci\u00f3n financiera abierta y masiva\u201d, prosigui\u00f3.<br>El presidente del PRD agreg\u00f3 que la discusi\u00f3n actual sobre este tema se hace en procura de una nueva ley que regularice el sector cooperativista.<br>En ese orden, dijo que se discute que el IDECOOP supervise las cooperativas sectoriales. \u201cAdem\u00e1s, sugerimos que el Instituto de Desarrollo y Cr\u00e9dito Cooperativo debe fortalecerse y que, m\u00e1s all\u00e1 del fomento y desarrollo de cooperativas de servicios m\u00faltiples y de producci\u00f3n y agr\u00edcolas, la entidad debe mejorar el r\u00e9gimen de regulaci\u00f3n y supervisi\u00f3n\u201d, expres\u00f3 Vargas Maldonado.<br>Tambi\u00e9n aconsej\u00f3 que la Superintendencia de Bancos fiscalice las cooperativas de ahorro y cr\u00e9dito que hacen operaciones de intermediaci\u00f3n financiera abierta y masiva.<br>Durante la actividad realizada en la Casa Nacional del Partido, el l\u00edder perrede\u00edsta jurament\u00f3 a la destacada dirigente Escarlen Irrizarri como presidente nacional del Frente Cooperativista del PRD.<\/p>\n\n\n\n<p>SNCOMUNICACIONESPRD<br>21 de noviembre de 2021<\/p>\n","protected":false},"excerpt":{"rendered":"<p>Santo Domingo.- El Partido Revolucionario Dominicano (PRD) est\u00e1 comprometido con la redefinici\u00f3n del marco legal del Instituto de Desarrollo y Cr\u00e9dito Cooperativo (IDECOOP), pues tiene una deuda con el cooperativismo nacional, movimiento que amerita una actualizaci\u00f3n legislativa acorde con las exigencias del pa\u00eds. As\u00ed lo manifest\u00f3 el presidente y l\u00edder del PRD, ingeniero Miguel Vargas [&hellip;]<\/p>\n","protected":false},"author":2,"featured_media":309831,"comment_status":"closed","ping_status":"","sticky":true,"template":"","format":"standard","meta":{"footnotes":""},"categories":[22,27],"tags":[],"class_list":["post-309830","post","type-post","status-publish","format-standard","has-post-thumbnail","hentry","category-politica","category-portada"],"_links":{"self":[{"href":"https:\/\/diariodominicano.com\/index.php?rest_route=\/wp\/v2\/posts\/309830","targetHints":{"allow":["GET"]}}],"collection":[{"href":"https:\/\/diariodominicano.com\/index.php?rest_route=\/wp\/v2\/posts"}],"about":[{"href":"https:\/\/diariodominicano.com\/index.php?rest_route=\/wp\/v2\/types\/post"}],"author":[{"embeddable":true,"href":"https:\/\/diariodominicano.com\/index.php?rest_route=\/wp\/v2\/users\/2"}],"replies":[{"embeddable":true,"href":"https:\/\/diariodominicano.com\/index.php?rest_route=%2Fwp%2Fv2%2Fcomments&post=309830"}],"version-history":[{"count":2,"href":"https:\/\/diariodominicano.com\/index.php?rest_route=\/wp\/v2\/posts\/309830\/revisions"}],"predecessor-version":[{"id":309840,"href":"https:\/\/diariodominicano.com\/index.php?rest_route=\/wp\/v2\/posts\/309830\/revisions\/309840"}],"wp:featuredmedia":[{"embeddable":true,"href":"https:\/\/diariodominicano.com\/index.php?rest_route=\/wp\/v2\/media\/309831"}],"wp:attachment":[{"href":"https:\/\/diariodominicano.com\/index.php?rest_route=%2Fwp%2Fv2%2Fmedia&parent=309830"}],"wp:term":[{"taxonomy":"category","embeddable":true,"href":"https:\/\/diariodominicano.com\/index.php?rest_route=%2Fwp%2Fv2%2Fcategories&post=309830"},{"taxonomy":"post_tag","embeddable":true,"href":"https:\/\/diariodominicano.com\/index.php?rest_route=%2Fwp%2Fv2%2Ftags&post=309830"}],"curies":[{"name":"wp","href":"https:\/\/api.w.org\/{rel}","templated":true}]}}