{"id":309811,"date":"2021-11-21T11:20:13","date_gmt":"2021-11-21T15:20:13","guid":{"rendered":"http:\/\/diariodominicano.com\/?p=309811"},"modified":"2021-11-21T11:22:51","modified_gmt":"2021-11-21T15:22:51","slug":"presidente-del-instituto-duartiano-proceso-de-regularizacion-fue-colmado-de-falsificaciones","status":"publish","type":"post","link":"https:\/\/diariodominicano.com\/?p=309811","title":{"rendered":"Presidente del Instituto Duartiano: proceso de regularizaci\u00f3n fue colmado de falsificaciones"},"content":{"rendered":"\n<p> <\/p>\n\n\n\n<p><\/p>\n\n\n\n<p><em><strong>Sentencia 168-13 entr\u00f3 en una debilidad durante gobierno de Danilo Medina<\/strong><\/em><\/p>\n\n\n\n<p><strong>Santo Domingo, RD.- <\/strong>El presidente del Instituto Duartiano, Wilson G\u00f3mez, se\u00f1al\u00f3 que la sentencia 168-13, que define la dominicanidad, a\u00fan sigue manteniendo su fuerza. Sin embargo, apunt\u00f3 que \u201cno hay duda\u00a0 de que el gobierno de entonces, encabezado por el expresidente Danilo Medina, no supo capitalizar esa decisi\u00f3n del Tribunal Constitucional (TC) para poner las cosas como deb\u00eda y entr\u00f3 en una debilidad.<\/p>\n\n\n\n<p><strong>Explic\u00f3 que desde entonces sobrevino una ley deficiente que est\u00e1 impugnada en el TC y no ha habido fallo sobre la misma porque que llora por su inconstitucionalidad.<\/strong><\/p>\n\n\n\n<figure class=\"wp-block-image size-large\"><img loading=\"lazy\" decoding=\"async\" width=\"1024\" height=\"682\" src=\"https:\/\/diariodominicano.com\/wp-content\/uploads\/2021\/11\/3.-Adelaida-Martinez-Wilson-Gomez-y-Rafael-Nunez-1024x682.jpg\" alt=\"\" class=\"wp-image-309814\" srcset=\"https:\/\/diariodominicano.com\/wp-content\/uploads\/2021\/11\/3.-Adelaida-Martinez-Wilson-Gomez-y-Rafael-Nunez-1024x682.jpg 1024w, https:\/\/diariodominicano.com\/wp-content\/uploads\/2021\/11\/3.-Adelaida-Martinez-Wilson-Gomez-y-Rafael-Nunez-300x200.jpg 300w, https:\/\/diariodominicano.com\/wp-content\/uploads\/2021\/11\/3.-Adelaida-Martinez-Wilson-Gomez-y-Rafael-Nunez-768x512.jpg 768w, https:\/\/diariodominicano.com\/wp-content\/uploads\/2021\/11\/3.-Adelaida-Martinez-Wilson-Gomez-y-Rafael-Nunez-816x544.jpg 816w, https:\/\/diariodominicano.com\/wp-content\/uploads\/2021\/11\/3.-Adelaida-Martinez-Wilson-Gomez-y-Rafael-Nunez.jpg 1280w\" sizes=\"auto, (max-width: 1024px) 100vw, 1024px\" \/><\/figure>\n\n\n\n<p><\/p>\n\n\n\n<p>  <strong>El doctor Wilson G\u00f3mez, en el programa Rese\u00f1as, con los periodistas Rafael N\u00fa\u00f1ez y Adelaida Mart\u00ednez R. <\/strong> <\/p>\n\n\n\n<p>\u201cSe hicieron tolerancias inadmisibles y el mismo proceso de regularizaci\u00f3n fue colmado de falsificaciones, de dolo, de mentiras, y se ha beneficiado a mucha gente, por eso hay un proceso de revisi\u00f3n\u201d, apunt\u00f3 el presidente del Instituto Duartiano, a prop\u00f3sito de las medidas del Gobierno ante la crisis haitiana, entre ellas las de revisar el Plan Nacional de Regularizaci\u00f3n.<\/p>\n\n\n\n<p>G\u00f3mez manifest\u00f3 que la cantidad de falsificaciones que hay es muy alta y que esa es la tendencia.<\/p>\n\n\n\n<p>\u201cCon la ley esta que se cre\u00f3, en cierto modo se legitim\u00f3 la falsificaci\u00f3n documentada. Mire, usted sabe la lucha que le da al dominicano resolver un problema que tenga que ver con su identidad\u2026 al haitiano no\u201d, critic\u00f3 G\u00f3mez.<\/p>\n\n\n\n<p>Observ\u00f3 que a otros extranjeros no les va tan bien como a los haitianos, porque hay un procedimiento que incluso contempla que un dominicano tenga que ser garante y hacerse responsable de un extranjero que no sea procedente de Hait\u00ed, sino de otra naci\u00f3n. &nbsp;<\/p>\n\n\n\n<p>\u201cRealmente ha habido una discriminaci\u00f3n con los otros extranjeros beneficiando a los haitianos, y a\u00fan as\u00ed tenemos la presi\u00f3n. Esa sentencia procur\u00f3 hacer lo que se hizo antes, los gobiernos no hicieron lo que ten\u00edan que hacer para aplicar unas resoluciones, por eso el TC se vio precisado a adoptar esa sentencia, que siempre ser\u00e1 un referente en lo que tiene que ver con la nacionalidad y el registro civil\u201d, plante\u00f3 G\u00f3mez.<\/p>\n\n\n\n<p>Resalt\u00f3 la importancia de la Junta Central Electoral (JCE), al precisar que muchos creen que solo son las elecciones, pero que \u201cuna de las cosas que hay que reconocer es la preservaci\u00f3n del registro civil\u201d.<\/p>\n\n\n\n<p>Sobre el liderazgo y accionar frente al tema haitiano ante organismos internacionales, el presidente del Instituto Duartiano dijo que a veces se pierde el sentido de responsabilidad y la procura de asumir con el debido coraje lo que se llama rectitud de conciencia.<\/p>\n\n\n\n<p>\u201cEntonces, a veces esas potencias no encuentran de pie a los que dirigen: los encuentran de rodillas, y a esa gente hay que hablarles de pie\u201d, enfatiz\u00f3 G\u00f3mez durante su participaci\u00f3n en el programa Rese\u00f1as, con los periodistas Rafael N\u00fa\u00f1ez y Adelaida Mart\u00ednez R., los s\u00e1bados a las 9:00 p. m. por Entelevisi\u00f3n.<\/p>\n\n\n\n<p><strong>Da un consejo al Gobierno: \u201cNo bajar la guardia\u201d<\/strong><\/p>\n\n\n\n<p>Dijo que el presidente Luis Abinader ha estado en lo correcto, y reconoci\u00f3 la entereza con la que ha actuado.<\/p>\n\n\n\n<figure class=\"wp-block-image size-large\"><img loading=\"lazy\" decoding=\"async\" width=\"1024\" height=\"842\" src=\"https:\/\/diariodominicano.com\/wp-content\/uploads\/2021\/11\/2.-Wilson-Gomez-1-1024x842.jpg\" alt=\"\" class=\"wp-image-309815\" srcset=\"https:\/\/diariodominicano.com\/wp-content\/uploads\/2021\/11\/2.-Wilson-Gomez-1-1024x842.jpg 1024w, https:\/\/diariodominicano.com\/wp-content\/uploads\/2021\/11\/2.-Wilson-Gomez-1-300x247.jpg 300w, https:\/\/diariodominicano.com\/wp-content\/uploads\/2021\/11\/2.-Wilson-Gomez-1-768x632.jpg 768w, https:\/\/diariodominicano.com\/wp-content\/uploads\/2021\/11\/2.-Wilson-Gomez-1-816x671.jpg 816w, https:\/\/diariodominicano.com\/wp-content\/uploads\/2021\/11\/2.-Wilson-Gomez-1.jpg 1280w\" sizes=\"auto, (max-width: 1024px) 100vw, 1024px\" \/><\/figure>\n\n\n\n<p>\u201cLo que espero es que no sea permeado por el populismo y baje la guardia, tiene que seguir con el proyecto de frontera, hay que desarrollarla, ese muro\u2026 no se puede renunciar a \u00e9l, hay que seguirse dando a respetar por los organismos internacionales y aprovechar los foros para fijar la posici\u00f3n de Rep\u00fablica Dominicana\u201d, aconsej\u00f3 G\u00f3mez al presidente dominicano.<\/p>\n\n\n\n<p>Se\u00f1al\u00f3 que ante todo lo que est\u00e1 ocurriendo \u201cDuarte es el ejemplo cuando dice \u00b4El gobierno ha de mostrarse&nbsp; justos y en\u00e9rgico, de lo contrario no tendremos patria, ni libertad, y en consecuencia, ni independencia nacional\u00b4\u201d.<\/p>\n\n\n\n<p><strong>Qu\u00e9 debe hacer RD ante crisis haitiana<\/strong><\/p>\n\n\n\n<p>Ante la pregunta de qu\u00e9 debe hacer Rep\u00fablica Dominicana ante la crisis actual que vive Hait\u00ed, Wilson G\u00f3mez se\u00f1al\u00f3 que en primer lugar, el pa\u00eds debe seguir reclamando de la comunidad internacional su intervenci\u00f3n.<\/p>\n\n\n\n<p>\u201cEsos organismos hay que ponerlos a prueba porque ellos tienen que justificarse, es decir, si ellos no asisten a Hait\u00ed, no es que lo intervengan para violentar ni vulnerar su autodeterminaci\u00f3n y su soberan\u00eda, es que lo intervengan amistosamente en aras de una expresi\u00f3n solidaria\u201d, dijo.<\/p>\n\n\n\n<p>Dijo que la actitud de Estados Unidos de \u201cmirar para otro lado\u201d es jugar al agravamiento de la situaci\u00f3n con la finalidad de que se consiga una soluci\u00f3n dominicana que no puede ser ni podr\u00e1 ser.<\/p>\n\n\n\n<p>\u201cNosotros tenemos que continuar, y el Gobierno tiene que saber eso, que tiene que impulsar y con mayor determinaci\u00f3n, el muro fronterizo, que no es solo f\u00edsico y tecnol\u00f3gico, sino tambi\u00e9n el muro que manda el art\u00edculo 10 de la Constituci\u00f3n que establece la necesidad de privilegiar la frontera impulsando con fuerza el desarrollo fronterizo, econ\u00f3mico, tur\u00edstico, comunicacional, cultural y patri\u00f3tico\u201d, argument\u00f3 G\u00f3mez.<\/p>\n\n\n\n<p><strong>Embarazadas y parturientas haitianas<\/strong><\/p>\n\n\n\n<p>Sobre informaciones que dan cuenta de que Rep\u00fablica Dominicana est\u00e1 deportando parturientas haitianas (que est\u00e1n de parto o reci\u00e9n paridas), Wilson G\u00f3mez lament\u00f3 que todav\u00eda \u201chaya malos dominicanos que promuevan falsas informaciones\u201d.<\/p>\n\n\n\n<p>\u201cUno lamenta que todav\u00eda en estos tiempos aparezcan malos dominicanos que desvirt\u00faan todo, porque no es verdad que haya un proyecto de deportaci\u00f3n de parturientas haitianas, hay una posici\u00f3n del Estado dominicano en el ejercicio pleno de sus soberan\u00eda que se expresa en las leyes migratorias de deportar, y ni siquiera en la proporci\u00f3n que se debe porque todo el mundo sabe que la cantidad de ilegales haitianos que est\u00e1n en la Rep\u00fablica Dominicana\u201d, dijo.<\/p>\n\n\n\n<p>Apunt\u00f3 que informaci\u00f3n fue desvirtuada y se capitaliz\u00f3 quiz\u00e1s por una acci\u00f3n imprudente de apresar una persona que estaba en las cercan\u00edas de un hospital, no dentro del centro hospitalario: \u201cPero eso no importa, el pa\u00eds tiene que hacer valer su propia ley\u201d.<\/p>\n\n\n\n<p>Explic\u00f3 que el problema, en el caso de las embarazadas, es que no se embarazaron viviendo aqu\u00ed siguiendo un proceso de atenci\u00f3n m\u00e9dica, sino que se cre\u00f3 un corredor de traer cantidades importantes de mujeres de Hait\u00ed en estado de gestaci\u00f3n.<\/p>\n\n\n\n<p>\u201cEs un problema muy serio. La Rep\u00fablica Dominicana hace esfuerzo de colaboraci\u00f3n, lo que no se dice es que el 20 % del presupuesto de la naci\u00f3n est\u00e1 comprometido con la situaci\u00f3n de salubridad de los haitianos, incluyendo esos partos, que significan mucho para el pa\u00eds\u201d, manifest\u00f3.<\/p>\n\n\n\n<p>Dijo que esa acci\u00f3n de traer a haitianas embarazadas tiene un desprop\u00f3sito, porque por un lado se benefician de la indulgencia y tolerancia dominicana.<\/p>\n\n\n\n<p>Se\u00f1al\u00f3 que en otros pa\u00edses las extranjeras que acuden a hospitales del Estado a dar a luz reciben la factura de lo que deben pagar e incluso les quitan las visas.<\/p>\n\n\n\n<p>Sobre los grupos prohaitianos que han denunciado que se est\u00e1n violentando los derechos humanos, dijo que Rep\u00fablica Dominicana \u201cno puede dejarse presionar, ni chantajear, ni extorsionar de gente que vive de las remesas y de aportes que le hacen organismos internacionales\u201d.<\/p>\n\n\n\n<p>\u201cNosotros tenemos que tener la entereza para decir que las pol\u00edticas migratorias se aplican, y hay que apoyar al Estado para la aplicaci\u00f3n de esas pol\u00edticas. Tenemos que se\u00f1alar lo que significa para el Estado, y para la situaci\u00f3n de salud porque este es un pa\u00eds que tiene muchos pobres\u201d, enfatiz\u00f3 G\u00f3mez.&#8211;<br><strong>Adelaida Mart\u00ednez<br>Period\u00edsta<\/strong><\/p>\n","protected":false},"excerpt":{"rendered":"<p>Sentencia 168-13 entr\u00f3 en una debilidad durante gobierno de Danilo Medina Santo Domingo, RD.- El presidente del Instituto Duartiano, Wilson G\u00f3mez, se\u00f1al\u00f3 que la sentencia 168-13, que define la dominicanidad, a\u00fan sigue manteniendo su fuerza. Sin embargo, apunt\u00f3 que \u201cno hay duda\u00a0 de que el gobierno de entonces, encabezado por el expresidente Danilo Medina, no [&hellip;]<\/p>\n","protected":false},"author":2,"featured_media":309813,"comment_status":"closed","ping_status":"","sticky":true,"template":"","format":"standard","meta":{"footnotes":""},"categories":[22,27],"tags":[],"class_list":["post-309811","post","type-post","status-publish","format-standard","has-post-thumbnail","hentry","category-politica","category-portada"],"_links":{"self":[{"href":"https:\/\/diariodominicano.com\/index.php?rest_route=\/wp\/v2\/posts\/309811","targetHints":{"allow":["GET"]}}],"collection":[{"href":"https:\/\/diariodominicano.com\/index.php?rest_route=\/wp\/v2\/posts"}],"about":[{"href":"https:\/\/diariodominicano.com\/index.php?rest_route=\/wp\/v2\/types\/post"}],"author":[{"embeddable":true,"href":"https:\/\/diariodominicano.com\/index.php?rest_route=\/wp\/v2\/users\/2"}],"replies":[{"embeddable":true,"href":"https:\/\/diariodominicano.com\/index.php?rest_route=%2Fwp%2Fv2%2Fcomments&post=309811"}],"version-history":[{"count":3,"href":"https:\/\/diariodominicano.com\/index.php?rest_route=\/wp\/v2\/posts\/309811\/revisions"}],"predecessor-version":[{"id":309818,"href":"https:\/\/diariodominicano.com\/index.php?rest_route=\/wp\/v2\/posts\/309811\/revisions\/309818"}],"wp:featuredmedia":[{"embeddable":true,"href":"https:\/\/diariodominicano.com\/index.php?rest_route=\/wp\/v2\/media\/309813"}],"wp:attachment":[{"href":"https:\/\/diariodominicano.com\/index.php?rest_route=%2Fwp%2Fv2%2Fmedia&parent=309811"}],"wp:term":[{"taxonomy":"category","embeddable":true,"href":"https:\/\/diariodominicano.com\/index.php?rest_route=%2Fwp%2Fv2%2Fcategories&post=309811"},{"taxonomy":"post_tag","embeddable":true,"href":"https:\/\/diariodominicano.com\/index.php?rest_route=%2Fwp%2Fv2%2Ftags&post=309811"}],"curies":[{"name":"wp","href":"https:\/\/api.w.org\/{rel}","templated":true}]}}