{"id":309803,"date":"2021-11-21T10:03:22","date_gmt":"2021-11-21T14:03:22","guid":{"rendered":"http:\/\/diariodominicano.com\/?p=309803"},"modified":"2021-11-21T10:03:22","modified_gmt":"2021-11-21T14:03:22","slug":"tribunal-de-san-cristobal-condena-a-ismael-cote-alcantara-a-20-anos-de-prision-por-homicidio","status":"publish","type":"post","link":"https:\/\/diariodominicano.com\/?p=309803","title":{"rendered":"Tribunal de San Crist\u00f3bal condena a Ismael Cote Alc\u00e1ntara a 20 a\u00f1os de prisi\u00f3n por homicidio\u00a0"},"content":{"rendered":"\n<p> <strong>Ismael Cote Alc\u00e1ntara deber\u00e1 cumplir la pena en el Centro de Correcci\u00f3n y Rehabilitaci\u00f3n Najayo Hombres, en San Crist\u00f3bal y, adem\u00e1s, pagar RD$300 mil de indemnizaci\u00f3n.\u00a0<\/strong><\/p>\n\n\n\n<p><strong>SAN CRIST\u00d3BAL, Rep\u00fablica Dominicana.-<\/strong>\u00a0El Tribunal Colegiado de esta demarcaci\u00f3n acogi\u00f3 la solicitud del Ministerio P\u00fablico y conden\u00f3 a 20 a\u00f1os de prisi\u00f3n a un hombre que cometi\u00f3 el delito de homicidio, en un hecho ocurrido el pasado a\u00f1o en la comunidad La Pared de Haina.\u00a0\u00a0\u00a0\u00a0\u00a0\u00a0\u00a0\u00a0\u00a0\u00a0\u00a0<\/p>\n\n\n\n<p><strong>Ismael Cote Alc\u00e1ntara deber\u00e1 cumplir la pena en el Centro de Correcci\u00f3n y Rehabilitaci\u00f3n Najayo Hombres, en San Crist\u00f3bal y, adem\u00e1s, pagar RD$300 mil de indemnizaci\u00f3n.\u00a0<\/strong><\/p>\n\n\n\n<p>Fue hallado culpable del il\u00edcito de homicidio voluntario en perjuicio de Jos\u00e9 Francisco Disla y de propinarle golpes y heridas a Manuel Antonio Mata Disla.&nbsp;<\/p>\n\n\n\n<p>El expediente destaca que el hecho ocurri\u00f3 alrededor de las 5:10 de la tarde del 13 de junio de 2020, en el sector Los Solares de dicha comunidad. Se\u00f1ala que&nbsp;Manuel Antonio Mata Disla fue a visitar a su hermano y al llegar a la vivienda lo encontr\u00f3 muerto, momento en el que fue atacado por el encartado, mientras otro hombre que se encuentra pr\u00f3fugo, identificado como Wili El Haitiano, sustra\u00eda una motocicleta propiedad del occiso. &nbsp;<\/p>\n\n\n\n<p>La acusaci\u00f3n se\u00f1ala que, d\u00edas previos, el procesado y su acompa\u00f1ante pidieron a Jos\u00e9 Francisco Disla que le vendiera la motocicleta, a lo que \u00e9l se neg\u00f3.<\/p>\n\n\n\n<p>Tras acoger la solicitud de la representante del Ministerio P\u00fablico, Fanny Garabitos, los jueces Biulkys Milan\u00e9s Balbuena, presidenta; P\u00edlades Hern\u00e1ndez M\u00e9ndez y Wilma Cuello Garc\u00eda emitieron la sentencia condenatoria por la violaci\u00f3n de los art\u00edculos 295, 304 y 309 del C\u00f3digo Penal Dominicano.&nbsp;<\/p>\n\n\n\n<p><strong>Direcci\u00f3n de Comunicaci\u00f3n y Prensa<\/strong><\/p>\n\n\n\n<p><strong>Procuradur\u00eda General-Ministerio P\u00fablico RD<\/strong><\/p>\n\n\n\n<p><strong>Domingo, 21 de noviembre de 2021.<\/strong><\/p>\n","protected":false},"excerpt":{"rendered":"<p>Ismael Cote Alc\u00e1ntara deber\u00e1 cumplir la pena en el Centro de Correcci\u00f3n y Rehabilitaci\u00f3n Najayo Hombres, en San Crist\u00f3bal y, adem\u00e1s, pagar RD$300 mil de indemnizaci\u00f3n.\u00a0 SAN CRIST\u00d3BAL, Rep\u00fablica Dominicana.-\u00a0El Tribunal Colegiado de esta demarcaci\u00f3n acogi\u00f3 la solicitud del Ministerio P\u00fablico y conden\u00f3 a 20 a\u00f1os de prisi\u00f3n a un hombre que cometi\u00f3 el delito [&hellip;]<\/p>\n","protected":false},"author":2,"featured_media":0,"comment_status":"closed","ping_status":"","sticky":true,"template":"","format":"standard","meta":{"footnotes":""},"categories":[24,27],"tags":[],"class_list":["post-309803","post","type-post","status-publish","format-standard","hentry","category-justicia-y-derecho","category-portada"],"_links":{"self":[{"href":"https:\/\/diariodominicano.com\/index.php?rest_route=\/wp\/v2\/posts\/309803","targetHints":{"allow":["GET"]}}],"collection":[{"href":"https:\/\/diariodominicano.com\/index.php?rest_route=\/wp\/v2\/posts"}],"about":[{"href":"https:\/\/diariodominicano.com\/index.php?rest_route=\/wp\/v2\/types\/post"}],"author":[{"embeddable":true,"href":"https:\/\/diariodominicano.com\/index.php?rest_route=\/wp\/v2\/users\/2"}],"replies":[{"embeddable":true,"href":"https:\/\/diariodominicano.com\/index.php?rest_route=%2Fwp%2Fv2%2Fcomments&post=309803"}],"version-history":[{"count":1,"href":"https:\/\/diariodominicano.com\/index.php?rest_route=\/wp\/v2\/posts\/309803\/revisions"}],"predecessor-version":[{"id":309804,"href":"https:\/\/diariodominicano.com\/index.php?rest_route=\/wp\/v2\/posts\/309803\/revisions\/309804"}],"wp:attachment":[{"href":"https:\/\/diariodominicano.com\/index.php?rest_route=%2Fwp%2Fv2%2Fmedia&parent=309803"}],"wp:term":[{"taxonomy":"category","embeddable":true,"href":"https:\/\/diariodominicano.com\/index.php?rest_route=%2Fwp%2Fv2%2Fcategories&post=309803"},{"taxonomy":"post_tag","embeddable":true,"href":"https:\/\/diariodominicano.com\/index.php?rest_route=%2Fwp%2Fv2%2Ftags&post=309803"}],"curies":[{"name":"wp","href":"https:\/\/api.w.org\/{rel}","templated":true}]}}