{"id":309786,"date":"2021-11-21T02:26:04","date_gmt":"2021-11-21T06:26:04","guid":{"rendered":"http:\/\/diariodominicano.com\/?p=309786"},"modified":"2021-11-21T02:26:04","modified_gmt":"2021-11-21T06:26:04","slug":"confian-eric-adams-nombre-dominicano-como-canciller-educacion-nyc","status":"publish","type":"post","link":"https:\/\/diariodominicano.com\/?p=309786","title":{"rendered":"Conf\u00edan Eric Adams nombre dominicano como Canciller Educaci\u00f3n NYC"},"content":{"rendered":"\n<p><strong>Por Ram\u00f3n Mercedes<\/strong><\/p>\n\n\n\n<p><strong>NUEVA YORK.-&nbsp;<\/strong>Padres de familias, profesionales, empresarios y ciudadanos comunes de diferentes nacionalidades en esta ciudad conf\u00edan en que el alcalde electo, Eric Adams, nombre al dominicano Edwin Quezada como Canciller de Educaci\u00f3n de la Gran Manzana.<\/p>\n\n\n\n<p>Explican que Quezada, actual Superintendente de escuelas p\u00fablicas en Yonkers-Westchester, re\u00fane todas las condiciones para desempe\u00f1ar el cargo, como bien lo ha demostrado durante d\u00e9cadas sirviendo en el sistema de educaci\u00f3n neoyorkino, sostienen en documento de prensa.<\/p>\n\n\n\n<p>Citaron que el Departamento de Educaci\u00f3n de NY solicit\u00f3 su membres\u00eda en el equipo asesor del \u201cProyecto de Preparaci\u00f3n de Directores\u201d que desarroll\u00f3 est\u00e1ndares para los directores de edificios, as\u00ed como para el \u201cComit\u00e9 del List\u00f3n Azul\u201d en todo el estado, encargado de mejorar los resultados educativos de los ni\u00f1os y j\u00f3venes de color.<\/p>\n\n\n\n<p>Inici\u00f3 en 2016 \u201cYonkers My Brother&#8217;s Keeper (MBK)\u201d que tiene como objetivo cerrar la brecha de oportunidades para ni\u00f1os y j\u00f3venes de color a trav\u00e9s de tutor\u00eda, preparaci\u00f3n acad\u00e9mica y desarrollo de habilidades emocionales y sociales, siendo el 60% de los estudiantes de las escuelas p\u00fablicas de Yonkers descendientes de latinos.<\/p>\n\n\n\n<p>Esta ciudad se une a m\u00e1s de 250 comunidades de \u201cMy Brother&#8217;s Keeper\u201d en los 50 estados que est\u00e1n conectando a los j\u00f3venes con mentores, redes de apoyo y las habilidades que necesitan para encontrar un buen trabajo, ir a la universidad y crear una vida exitosa para ellos mismos, sus familias y sus comunidades.<\/p>\n\n\n\n<p>Organizaciones nacionales como \u201cCampaign for Black Male Achievement\u201d, \u201cExecutive&#8217;s Alliance to Expand Opportunities for Boys and Men of Color\u201d y \u201cNBA Cares\u201d reconocen como un modelo para el Estado de NY el trabajo de \u201cYonkers MBK\u201d.<\/p>\n\n\n\n<p>Su labor ha dado como resultado que NY se convirtiera en el primer estado que financia las iniciativas de \u201cMy Brother&#8217;s Keeper (MBK)\u201d, que busca asegurar de que todos los j\u00f3venes puedan alcanzar su m\u00e1ximo potencial.<\/p>\n\n\n\n<p>Quezada es un profesional en distintas \u00e1reas, completando su licenciatura en Contabilidad con una especializaci\u00f3n en Educaci\u00f3n Secundaria en 1990 en la Universidad Lehman; en 1995 obtuvo una Maestr\u00eda en Consejer\u00eda en el mismo alto centro de estudio.<\/p>\n\n\n\n<p>Luego, adquiri\u00f3 una licenciatura en Administraci\u00f3n Escolar \/ Supervisi\u00f3n de Distrito de la Universidad de Fordham en 2000, y un doctorado en Educaci\u00f3n de la Universidad de Walden en 2012.<\/p>\n\n\n\n<p>Entre los firmantes figuran Claudia Hern\u00e1ndez, Martha de Garc\u00eda, Andr\u00e9s Mart\u00ednez, Carlos L\u00f3pez, Wilfredo Gonz\u00e1lez, William Hern\u00e1ndez, Hip\u00f3lito P\u00e9rez, Carmen Flores, Hansel Rodr\u00edguez, Alberto Ram\u00edrez, Awilda de Morales, Elvin Mu\u00f1oz, Ingrid D\u00edaz.<\/p>\n\n\n\n<p>Asimismo, Emilio Rojas, Juan Reyes, Mavel S\u00e1nchez, Rafael Pe\u00f1a, Nicol\u00e1s Jim\u00e9nez, Rodolfo Rosario, Miguel Gonz\u00e1lez, Melania Santana, y Alfredo N\u00fa\u00f1ez, entre otros.<\/p>\n","protected":false},"excerpt":{"rendered":"<p>Por Ram\u00f3n Mercedes NUEVA YORK.-&nbsp;Padres de familias, profesionales, empresarios y ciudadanos comunes de diferentes nacionalidades en esta ciudad conf\u00edan en que el alcalde electo, Eric Adams, nombre al dominicano Edwin Quezada como Canciller de Educaci\u00f3n de la Gran Manzana. Explican que Quezada, actual Superintendente de escuelas p\u00fablicas en Yonkers-Westchester, re\u00fane todas las condiciones para desempe\u00f1ar [&hellip;]<\/p>\n","protected":false},"author":7,"featured_media":309790,"comment_status":"closed","ping_status":"","sticky":true,"template":"","format":"standard","meta":{"footnotes":""},"categories":[23,27],"tags":[],"class_list":["post-309786","post","type-post","status-publish","format-standard","has-post-thumbnail","hentry","category-internacional","category-portada"],"_links":{"self":[{"href":"https:\/\/diariodominicano.com\/index.php?rest_route=\/wp\/v2\/posts\/309786","targetHints":{"allow":["GET"]}}],"collection":[{"href":"https:\/\/diariodominicano.com\/index.php?rest_route=\/wp\/v2\/posts"}],"about":[{"href":"https:\/\/diariodominicano.com\/index.php?rest_route=\/wp\/v2\/types\/post"}],"author":[{"embeddable":true,"href":"https:\/\/diariodominicano.com\/index.php?rest_route=\/wp\/v2\/users\/7"}],"replies":[{"embeddable":true,"href":"https:\/\/diariodominicano.com\/index.php?rest_route=%2Fwp%2Fv2%2Fcomments&post=309786"}],"version-history":[{"count":1,"href":"https:\/\/diariodominicano.com\/index.php?rest_route=\/wp\/v2\/posts\/309786\/revisions"}],"predecessor-version":[{"id":309792,"href":"https:\/\/diariodominicano.com\/index.php?rest_route=\/wp\/v2\/posts\/309786\/revisions\/309792"}],"wp:featuredmedia":[{"embeddable":true,"href":"https:\/\/diariodominicano.com\/index.php?rest_route=\/wp\/v2\/media\/309790"}],"wp:attachment":[{"href":"https:\/\/diariodominicano.com\/index.php?rest_route=%2Fwp%2Fv2%2Fmedia&parent=309786"}],"wp:term":[{"taxonomy":"category","embeddable":true,"href":"https:\/\/diariodominicano.com\/index.php?rest_route=%2Fwp%2Fv2%2Fcategories&post=309786"},{"taxonomy":"post_tag","embeddable":true,"href":"https:\/\/diariodominicano.com\/index.php?rest_route=%2Fwp%2Fv2%2Ftags&post=309786"}],"curies":[{"name":"wp","href":"https:\/\/api.w.org\/{rel}","templated":true}]}}