{"id":309774,"date":"2021-11-20T23:04:28","date_gmt":"2021-11-21T03:04:28","guid":{"rendered":"http:\/\/diariodominicano.com\/?p=309774"},"modified":"2021-11-21T01:23:10","modified_gmt":"2021-11-21T05:23:10","slug":"inician-instalacion-alumbrado-estadio-acds-entidad-agradece-a-presidente-abinader-y-cueto-de-edenorte","status":"publish","type":"post","link":"https:\/\/diariodominicano.com\/?p=309774","title":{"rendered":"Inician instalaci\u00f3n alumbrado estadio ACDS, entidad\u00a0agradece a presidente Abinader y Cueto de EDENORTE"},"content":{"rendered":"\n<p><strong> Lu\u00eds Abinader y &nbsp;Andr\u00e9s Cueto <\/strong><\/p>\n\n\n\n<p><strong>SANTIAGO DE LOS CABALLEROS, Rep\u00fablica Dominicana, 20 de noviembre.-<\/strong>&nbsp;<strong>H<\/strong>an sido iniciadas, este s\u00e1bado, las labores de instalaci\u00f3n del alumbrado en el estadio para jugar softbol \u201cC\u00e9sar Delmonte y Consuegra\u201d de la Asociaci\u00f3n de Cronistas Deportivos de Santiago (ACDS), en el complejo deportivo de La Barranquita.<\/p>\n\n\n\n<p><strong>\u201cH<\/strong>acemos de p\u00fablico conocimiento que, EDENORTE, por orden de su gerente general ingeniero Andr\u00e9s Cueto, ha iniciado la instalaci\u00f3n del alumbrado de nuestro estadio para jugar softbol\u201d, anunci\u00f3 el presidente de la ACDS, C\u00e9sar Ure\u00f1a.<\/p>\n\n\n\n<figure class=\"wp-block-image size-large\"><img loading=\"lazy\" decoding=\"async\" width=\"681\" height=\"1024\" src=\"https:\/\/diariodominicano.com\/wp-content\/uploads\/2021\/11\/2-ACDS--681x1024.jpeg\" alt=\"\" class=\"wp-image-309776\" srcset=\"https:\/\/diariodominicano.com\/wp-content\/uploads\/2021\/11\/2-ACDS--681x1024.jpeg 681w, https:\/\/diariodominicano.com\/wp-content\/uploads\/2021\/11\/2-ACDS--200x300.jpeg 200w, https:\/\/diariodominicano.com\/wp-content\/uploads\/2021\/11\/2-ACDS--768x1154.jpeg 768w, https:\/\/diariodominicano.com\/wp-content\/uploads\/2021\/11\/2-ACDS--816x1226.jpeg 816w, https:\/\/diariodominicano.com\/wp-content\/uploads\/2021\/11\/2-ACDS-.jpeg 899w\" sizes=\"auto, (max-width: 681px) 100vw, 681px\" \/><\/figure>\n\n\n\n<p><strong>A<\/strong>provech\u00f3 la ocasi\u00f3n para agradecer a la presidencia de la Rep\u00fablica Dominicana, encabezada por el primer mandatario, licenciado Lu\u00eds Abinader y al ingeniero Cueto, por el alumbrado tan necesario en el play de la ACDS.<\/p>\n\n\n\n<p><strong>A<\/strong>simismo, mostr\u00f3 agradecimiento a los ingenieros que dirigen la instalaci\u00f3n de las luces, Alfonso Morel, Jonathan Hern\u00e1ndez y V\u00edctor Pi\u00f1a, as\u00ed como el apoyo del empresario, Jos\u00e9 Rafael -Cheo- P\u00e9rez.<\/p>\n\n\n\n<p><strong>L<\/strong>os socios de la ACDS han reaccionado favorablemente a la instalaci\u00f3n de las luces mostrando agradecimiento por la acci\u00f3n que les brinda la oportunidad de compartir deportivamente en horas nocturnas.<\/p>\n\n\n\n<p><strong>&nbsp;Instalaci\u00f3n del alumbrado en el estadio \u201cC\u00e9sar Delmonte y Consuegra\u201d de la ACDS, en el complejo deportivo de La Barranquita<\/strong><\/p>\n\n\n\n<p><\/p>\n","protected":false},"excerpt":{"rendered":"<p>Lu\u00eds Abinader y &nbsp;Andr\u00e9s Cueto SANTIAGO DE LOS CABALLEROS, Rep\u00fablica Dominicana, 20 de noviembre.-&nbsp;Han sido iniciadas, este s\u00e1bado, las labores de instalaci\u00f3n del alumbrado en el estadio para jugar softbol \u201cC\u00e9sar Delmonte y Consuegra\u201d de la Asociaci\u00f3n de Cronistas Deportivos de Santiago (ACDS), en el complejo deportivo de La Barranquita. \u201cHacemos de p\u00fablico conocimiento que, [&hellip;]<\/p>\n","protected":false},"author":2,"featured_media":309775,"comment_status":"closed","ping_status":"","sticky":true,"template":"","format":"standard","meta":{"footnotes":""},"categories":[17,27],"tags":[],"class_list":["post-309774","post","type-post","status-publish","format-standard","has-post-thumbnail","hentry","category-deportes","category-portada"],"_links":{"self":[{"href":"https:\/\/diariodominicano.com\/index.php?rest_route=\/wp\/v2\/posts\/309774","targetHints":{"allow":["GET"]}}],"collection":[{"href":"https:\/\/diariodominicano.com\/index.php?rest_route=\/wp\/v2\/posts"}],"about":[{"href":"https:\/\/diariodominicano.com\/index.php?rest_route=\/wp\/v2\/types\/post"}],"author":[{"embeddable":true,"href":"https:\/\/diariodominicano.com\/index.php?rest_route=\/wp\/v2\/users\/2"}],"replies":[{"embeddable":true,"href":"https:\/\/diariodominicano.com\/index.php?rest_route=%2Fwp%2Fv2%2Fcomments&post=309774"}],"version-history":[{"count":3,"href":"https:\/\/diariodominicano.com\/index.php?rest_route=\/wp\/v2\/posts\/309774\/revisions"}],"predecessor-version":[{"id":309784,"href":"https:\/\/diariodominicano.com\/index.php?rest_route=\/wp\/v2\/posts\/309774\/revisions\/309784"}],"wp:featuredmedia":[{"embeddable":true,"href":"https:\/\/diariodominicano.com\/index.php?rest_route=\/wp\/v2\/media\/309775"}],"wp:attachment":[{"href":"https:\/\/diariodominicano.com\/index.php?rest_route=%2Fwp%2Fv2%2Fmedia&parent=309774"}],"wp:term":[{"taxonomy":"category","embeddable":true,"href":"https:\/\/diariodominicano.com\/index.php?rest_route=%2Fwp%2Fv2%2Fcategories&post=309774"},{"taxonomy":"post_tag","embeddable":true,"href":"https:\/\/diariodominicano.com\/index.php?rest_route=%2Fwp%2Fv2%2Ftags&post=309774"}],"curies":[{"name":"wp","href":"https:\/\/api.w.org\/{rel}","templated":true}]}}