{"id":309771,"date":"2021-11-20T22:55:15","date_gmt":"2021-11-21T02:55:15","guid":{"rendered":"http:\/\/diariodominicano.com\/?p=309771"},"modified":"2021-11-20T22:55:15","modified_gmt":"2021-11-21T02:55:15","slug":"embajada-rd-quito-ecuador-recibe-delegacion-competira-en-ifbb-miss-mister-america-cup","status":"publish","type":"post","link":"https:\/\/diariodominicano.com\/?p=309771","title":{"rendered":"Embajada RD Quito, Ecuador, recibe delegaci\u00f3n competir\u00e1 en IFBB Miss &#038; Mister Am\u00e9rica Cup"},"content":{"rendered":"\n<p><\/p>\n\n\n\n<p> <strong>Rodeados por atletas de la delegaci\u00f3n dominicana, en la foto los se\u00f1ores, Juan Manuel Mercedes Graciano, Lucinia Herrera y Joselyn Salad\u00edn, de la embajada dominicana, en Quito, Ecuador y el se\u00f1or Tony Pe\u00f1a R, presidente de la Federaci\u00f3n Dominicana de Fisiculturismo y Fitness.\u00a0 \u00a0<\/strong> <\/p>\n\n\n\n<p><strong>Por Oscar Polanco<\/strong><\/p>\n\n\n\n<p><strong>QUITO, Ecuador, 21 de noviembre.-<\/strong>\u00a0La delegaci\u00f3n criolla que participar\u00e1, en la IFBB Miss &amp; Mister Am\u00e9rica Cup de fisiculturismo y fitness, que se realizar\u00e1 este domingo, en Quito, Ecuador, fue recibida, ayer s\u00e1bado, en la embajada dominicana en ese pa\u00eds.<\/p>\n\n\n\n<p><strong>La representaci\u00f3n dominicana fue recibida oficialmente por Juan Manuel Mercedes Graciano, ministro consejero, encargado de negocios; Joselyn Salad\u00edn, ministra consejera, encargada de los asuntos culturales y Lucinia Herrera, consejera, encargada de los Asuntos Consulares.<\/strong><\/p>\n\n\n\n<p><strong>E<\/strong>l se\u00f1or Mercedes Graciano, en representaci\u00f3n de la embajadora, Milady Cuello de Cabral, entre otras cosas, dijo: \u201cEn nombre de nuestra embajadora, quien se ausent\u00f3 por asuntos oficiales de su investidura y en el m\u00edo propio, quiero agradecer que lograran sacar tiempo para venir a la Embajada\u201d.<\/p>\n\n\n\n<p><strong>D<\/strong>e igual manera se expresaron Salad\u00edn y Herrera, quienes desearon suerte a los dominicanos en la competencia del domingo.<\/p>\n\n\n\n<p><strong>E<\/strong>l se\u00f1or Tony Pe\u00f1a R, presidente de la Federaci\u00f3n Dominicana de Fisiculturismo y fitness (FDFF), agradeci\u00f3 la distinci\u00f3n de la embajada dominicana en Quito, Ecuador, luego de un intenso d\u00eda de viaje, pesajes y medidas, apunt\u00f3 que los atletas est\u00e1n debidamente preparados para la competencia.<\/p>\n\n\n\n<p><strong>L<\/strong>os atletas son, Fisiculturismo, Roberto Fabi\u00e1n Rodr\u00edguez y Enmanuel Antonio Hidalgo; game classic\/B classic, \u00c1ngelo Beltr\u00e9 Arias; Wellnes Fitness, Nancy Indiana Fern\u00e1ndez, Anabel Pratt Pe\u00f1a y Ambar Charina Rodr\u00edguez; muscular men\u2019s physique, Jovanny Antonio Pontier, Marcos Aurelio Castro, Antoni Espinal Ram\u00edrez y Rafael de Jes\u00fas Garc\u00eda; men\u2019s physique, Andrian Emmanuel Flores, as\u00ed como por&nbsp;<strong>e<\/strong>ntrenadores, jueces, t\u00e9cnicos, maquillistas y delegados oficiales encabezados por Pe\u00f1a R, presidente de FDFF.<\/p>\n\n\n\n<p><\/p>\n\n\n\n<p><\/p>\n","protected":false},"excerpt":{"rendered":"<p>Rodeados por atletas de la delegaci\u00f3n dominicana, en la foto los se\u00f1ores, Juan Manuel Mercedes Graciano, Lucinia Herrera y Joselyn Salad\u00edn, de la embajada dominicana, en Quito, Ecuador y el se\u00f1or Tony Pe\u00f1a R, presidente de la Federaci\u00f3n Dominicana de Fisiculturismo y Fitness.\u00a0 \u00a0 Por Oscar Polanco QUITO, Ecuador, 21 de noviembre.-\u00a0La delegaci\u00f3n criolla que [&hellip;]<\/p>\n","protected":false},"author":2,"featured_media":309772,"comment_status":"closed","ping_status":"","sticky":true,"template":"","format":"standard","meta":{"footnotes":""},"categories":[17,27],"tags":[],"class_list":["post-309771","post","type-post","status-publish","format-standard","has-post-thumbnail","hentry","category-deportes","category-portada"],"_links":{"self":[{"href":"https:\/\/diariodominicano.com\/index.php?rest_route=\/wp\/v2\/posts\/309771","targetHints":{"allow":["GET"]}}],"collection":[{"href":"https:\/\/diariodominicano.com\/index.php?rest_route=\/wp\/v2\/posts"}],"about":[{"href":"https:\/\/diariodominicano.com\/index.php?rest_route=\/wp\/v2\/types\/post"}],"author":[{"embeddable":true,"href":"https:\/\/diariodominicano.com\/index.php?rest_route=\/wp\/v2\/users\/2"}],"replies":[{"embeddable":true,"href":"https:\/\/diariodominicano.com\/index.php?rest_route=%2Fwp%2Fv2%2Fcomments&post=309771"}],"version-history":[{"count":1,"href":"https:\/\/diariodominicano.com\/index.php?rest_route=\/wp\/v2\/posts\/309771\/revisions"}],"predecessor-version":[{"id":309773,"href":"https:\/\/diariodominicano.com\/index.php?rest_route=\/wp\/v2\/posts\/309771\/revisions\/309773"}],"wp:featuredmedia":[{"embeddable":true,"href":"https:\/\/diariodominicano.com\/index.php?rest_route=\/wp\/v2\/media\/309772"}],"wp:attachment":[{"href":"https:\/\/diariodominicano.com\/index.php?rest_route=%2Fwp%2Fv2%2Fmedia&parent=309771"}],"wp:term":[{"taxonomy":"category","embeddable":true,"href":"https:\/\/diariodominicano.com\/index.php?rest_route=%2Fwp%2Fv2%2Fcategories&post=309771"},{"taxonomy":"post_tag","embeddable":true,"href":"https:\/\/diariodominicano.com\/index.php?rest_route=%2Fwp%2Fv2%2Ftags&post=309771"}],"curies":[{"name":"wp","href":"https:\/\/api.w.org\/{rel}","templated":true}]}}