{"id":309754,"date":"2021-11-20T21:47:28","date_gmt":"2021-11-21T01:47:28","guid":{"rendered":"http:\/\/diariodominicano.com\/?p=309754"},"modified":"2021-11-20T21:47:28","modified_gmt":"2021-11-21T01:47:28","slug":"dos-policias-muertos-y-cuatro-heridos-deja-accidente-de-helicoptero-en-el-centro-de-colombia","status":"publish","type":"post","link":"https:\/\/diariodominicano.com\/?p=309754","title":{"rendered":"Dos polic\u00edas muertos y cuatro heridos deja accidente de helic\u00f3ptero en el centro de Colombia"},"content":{"rendered":"\n<p>diariodominicano.com<\/p>\n\n\n\n<pre id=\"text-news-description\" class=\"wp-block-preformatted\">   BOGOT\u00c1, 20 nov (Xinhua) -- Dos polic\u00edas muertos y cuatro heridos dej\u00f3 hoy el accidente de un helic\u00f3ptero de la Polic\u00eda que se accident\u00f3 en una zona rural de la localidad colombiana de Subachoque (centro), donde se inici\u00f3 una investigaci\u00f3n para establecer las causas del siniestro.\n   El presidente colombiano, Iv\u00e1n Duque, lament\u00f3 el hecho y envi\u00f3 sus condolencias a las familias de los dos uniformados muertos en el siniestro a\u00e9reo.\n   \"A las familias del intendente Adonay V\u00e1squez y del patrullero Luis Suaza, fallecidos en el accidente del helic\u00f3ptero de la Polic\u00eda Colombia, nuestras m\u00e1s sentidas condolencias. A los 4 h\u00e9roes que resultaron heridos les deseo pronta recuperaci\u00f3n. Hoy y siempre Es Un Honor Ser Polic\u00eda\", escribi\u00f3 el mandatario en su cuenta de Twitter.\n   Por su lado, el alcalde de la localidad de Subachoque, Jairo Mart\u00ednez, declar\u00f3 que los heridos fueron llevados a la capital colombiana y al municipio vecino de Facatativ\u00e1, donde se est\u00e1n recuperando de las heridas causadas en el accidente.\n   \"Parece que uno de los motivos (hip\u00f3tesis) del accidente es que hab\u00eda mal tiempo. Hab\u00eda bastante neblina y el accidente ocurri\u00f3 en una zona monta\u00f1osa, donde la altitud es superior a los 2.000 metros sobre el nivel del mar\", coment\u00f3 el burgomaestre.\n   La aeronave de la Polic\u00eda estaba cubriendo las rutas entre la ciudad de Barrancabermeja (norte) y el aeropuerto de Guaymaral, en las afueras de la capital colombiana.<\/pre>\n","protected":false},"excerpt":{"rendered":"<p>diariodominicano.com BOGOT\u00c1, 20 nov (Xinhua) &#8212; Dos polic\u00edas muertos y cuatro heridos dej\u00f3 hoy el accidente de un helic\u00f3ptero de la Polic\u00eda que se accident\u00f3 en una zona rural de la localidad colombiana de Subachoque (centro), donde se inici\u00f3 una investigaci\u00f3n para establecer las causas del siniestro. El presidente colombiano, Iv\u00e1n Duque, lament\u00f3 el hecho [&hellip;]<\/p>\n","protected":false},"author":5,"featured_media":309755,"comment_status":"closed","ping_status":"","sticky":true,"template":"","format":"standard","meta":{"footnotes":""},"categories":[23,27],"tags":[],"class_list":["post-309754","post","type-post","status-publish","format-standard","has-post-thumbnail","hentry","category-internacional","category-portada"],"_links":{"self":[{"href":"https:\/\/diariodominicano.com\/index.php?rest_route=\/wp\/v2\/posts\/309754","targetHints":{"allow":["GET"]}}],"collection":[{"href":"https:\/\/diariodominicano.com\/index.php?rest_route=\/wp\/v2\/posts"}],"about":[{"href":"https:\/\/diariodominicano.com\/index.php?rest_route=\/wp\/v2\/types\/post"}],"author":[{"embeddable":true,"href":"https:\/\/diariodominicano.com\/index.php?rest_route=\/wp\/v2\/users\/5"}],"replies":[{"embeddable":true,"href":"https:\/\/diariodominicano.com\/index.php?rest_route=%2Fwp%2Fv2%2Fcomments&post=309754"}],"version-history":[{"count":1,"href":"https:\/\/diariodominicano.com\/index.php?rest_route=\/wp\/v2\/posts\/309754\/revisions"}],"predecessor-version":[{"id":309756,"href":"https:\/\/diariodominicano.com\/index.php?rest_route=\/wp\/v2\/posts\/309754\/revisions\/309756"}],"wp:featuredmedia":[{"embeddable":true,"href":"https:\/\/diariodominicano.com\/index.php?rest_route=\/wp\/v2\/media\/309755"}],"wp:attachment":[{"href":"https:\/\/diariodominicano.com\/index.php?rest_route=%2Fwp%2Fv2%2Fmedia&parent=309754"}],"wp:term":[{"taxonomy":"category","embeddable":true,"href":"https:\/\/diariodominicano.com\/index.php?rest_route=%2Fwp%2Fv2%2Fcategories&post=309754"},{"taxonomy":"post_tag","embeddable":true,"href":"https:\/\/diariodominicano.com\/index.php?rest_route=%2Fwp%2Fv2%2Ftags&post=309754"}],"curies":[{"name":"wp","href":"https:\/\/api.w.org\/{rel}","templated":true}]}}