{"id":309751,"date":"2021-11-20T21:15:26","date_gmt":"2021-11-21T01:15:26","guid":{"rendered":"http:\/\/diariodominicano.com\/?p=309751"},"modified":"2021-11-20T21:15:26","modified_gmt":"2021-11-21T01:15:26","slug":"ministerio-de-defensa-culmina-con-exito-serie-de-charlas-sobre-educacion-en-valores","status":"publish","type":"post","link":"https:\/\/diariodominicano.com\/?p=309751","title":{"rendered":"Ministerio de Defensa culmina con \u00e9xito serie de charlas sobre \u201cEducaci\u00f3n en Valores\u201d"},"content":{"rendered":"\n<p>diariodominicano.com<\/p>\n\n\n\n<p><strong>Santo Domingo, R. D.,  20 de noviembre, 2021<\/strong>.- Con el objetivo de concientizar a los soldados sobre la conducta que deben mostrar frente a la sociedad y el respeto a sus instituciones militares, la Direcci\u00f3n General de Asuntos Interno (DAIMIDE) culmin\u00f3 una serie de charlas sobre \u201cEducaci\u00f3n en Valores\u201d.<\/p>\n\n\n\n<p>La iniciativa, desarrollada en el Ministerio de Defensa (MIDE), tuvo lugar el lunes, mi\u00e9rcoles y viernes &nbsp;reci\u00e9n transcurridos, participando m\u00e1s de 144 miembros de esta Instituci\u00f3n, integrantes de la Unidad Contra Terrorismo, el Regimiento Guardia de Honor y del Comando Conjunto Metropolitano del MIDE.<\/p>\n\n\n\n<p>Los expositores fueron la Capit\u00e1n Jerile\u00e9 Rosa Pe\u00f1a, ERD., el Mayor Abogado Rom\u00e1n P\u00e9rez Mateo, ERD., y la Teniente Coronel Psic\u00f3loga Mar\u00eda Lugo Liriano, FARD., quienes abordaron temas sobre la estructura org\u00e1nica y funcional de la Direcci\u00f3n General de Asuntos Internos, los valores del militar y el reforzamiento de la convivencia familiar, acorde a la intenci\u00f3n de construir la imagen de moralidad, transparencia y confianza, que caracteriza a los cuerpos armados del pa\u00eds.<\/p>\n\n\n\n<p>Durante su conferencia, la Capit\u00e1n Rosa Pe\u00f1a, encargada de redes sociales de la DAIMIDE, destac\u00f3 \u201cel compromiso que tienen los miembros de las FF.AA. con relaci\u00f3n al comportamiento \u00e9tico y moral, que deben exhibir inclusive en las plataformas digitales\u201d.<\/p>\n\n\n\n<p>Las charlas fueron impartidas en el sal\u00f3n de actos \u201cGeneral de Divisi\u00f3n Jos\u00e9 Antonio (Pepillo) Salcedo\u201d, de la Escuela de Graduados de Doctrinas Conjunta \u201cGeneral de Divisi\u00f3n Gregorio Luper\u00f3n\u201d (EGDC).<\/p>\n\n\n\n<p>Fuente:  <strong><em>Departamento de Prensa<\/em><\/strong><\/p>\n\n\n\n<p><strong>Prensa Mide<\/strong><\/p>\n\n\n\n<p><em><strong>Direcci\u00f3n de Asuntos Civiles del Estado Mayor Conjunto, J5<\/strong><\/em><\/p>\n\n\n\n<p><em><strong>Ministerio de Defensa de Rep\u00fablica Dominicana<\/strong><\/em><\/p>\n","protected":false},"excerpt":{"rendered":"<p>diariodominicano.com Santo Domingo, R. D., 20 de noviembre, 2021.- Con el objetivo de concientizar a los soldados sobre la conducta que deben mostrar frente a la sociedad y el respeto a sus instituciones militares, la Direcci\u00f3n General de Asuntos Interno (DAIMIDE) culmin\u00f3 una serie de charlas sobre \u201cEducaci\u00f3n en Valores\u201d. La iniciativa, desarrollada en el [&hellip;]<\/p>\n","protected":false},"author":5,"featured_media":309752,"comment_status":"closed","ping_status":"","sticky":true,"template":"","format":"standard","meta":{"footnotes":""},"categories":[20,27],"tags":[],"class_list":["post-309751","post","type-post","status-publish","format-standard","has-post-thumbnail","hentry","category-dominicana-hoy","category-portada"],"_links":{"self":[{"href":"https:\/\/diariodominicano.com\/index.php?rest_route=\/wp\/v2\/posts\/309751","targetHints":{"allow":["GET"]}}],"collection":[{"href":"https:\/\/diariodominicano.com\/index.php?rest_route=\/wp\/v2\/posts"}],"about":[{"href":"https:\/\/diariodominicano.com\/index.php?rest_route=\/wp\/v2\/types\/post"}],"author":[{"embeddable":true,"href":"https:\/\/diariodominicano.com\/index.php?rest_route=\/wp\/v2\/users\/5"}],"replies":[{"embeddable":true,"href":"https:\/\/diariodominicano.com\/index.php?rest_route=%2Fwp%2Fv2%2Fcomments&post=309751"}],"version-history":[{"count":1,"href":"https:\/\/diariodominicano.com\/index.php?rest_route=\/wp\/v2\/posts\/309751\/revisions"}],"predecessor-version":[{"id":309753,"href":"https:\/\/diariodominicano.com\/index.php?rest_route=\/wp\/v2\/posts\/309751\/revisions\/309753"}],"wp:featuredmedia":[{"embeddable":true,"href":"https:\/\/diariodominicano.com\/index.php?rest_route=\/wp\/v2\/media\/309752"}],"wp:attachment":[{"href":"https:\/\/diariodominicano.com\/index.php?rest_route=%2Fwp%2Fv2%2Fmedia&parent=309751"}],"wp:term":[{"taxonomy":"category","embeddable":true,"href":"https:\/\/diariodominicano.com\/index.php?rest_route=%2Fwp%2Fv2%2Fcategories&post=309751"},{"taxonomy":"post_tag","embeddable":true,"href":"https:\/\/diariodominicano.com\/index.php?rest_route=%2Fwp%2Fv2%2Ftags&post=309751"}],"curies":[{"name":"wp","href":"https:\/\/api.w.org\/{rel}","templated":true}]}}