{"id":309741,"date":"2021-11-20T20:39:52","date_gmt":"2021-11-21T00:39:52","guid":{"rendered":"http:\/\/diariodominicano.com\/?p=309741"},"modified":"2021-11-20T20:39:52","modified_gmt":"2021-11-21T00:39:52","slug":"el-ministerio-de-deportes-inaugura-los-juegos-municipales-de-bani","status":"publish","type":"post","link":"https:\/\/diariodominicano.com\/?p=309741","title":{"rendered":"El Ministerio de Deportes inaugura los Juegos Municipales de Ban\u00ed"},"content":{"rendered":"\n<p>diariodominicano.com<strong><br><\/strong><em><br>Unos 800 atletas compiten\u00a0en 18 disciplinas y actividades recreativas<br><\/em><br>Ban\u00ed, Peravia, R. D., 20 de noviembre, 2021.- El Ministerio de Deportes y Recreaci\u00f3n dio comienzo a los III Juegos Municipales de Ban\u00ed en una entusiasta ceremonia en la que participaron los casi 800 atletas que compiten en 18 disciplinas y actividades recreativas. \u00a0<\/p>\n\n\n\n<div class=\"wp-block-image\"><figure class=\"alignleft size-full is-resized\"><img loading=\"lazy\" decoding=\"async\" src=\"https:\/\/diariodominicano.com\/wp-content\/uploads\/2021\/11\/MidePlay-Bani-2021-11-18.jpeg\" alt=\"\" class=\"wp-image-309743\" width=\"326\" height=\"156\" srcset=\"https:\/\/diariodominicano.com\/wp-content\/uploads\/2021\/11\/MidePlay-Bani-2021-11-18.jpeg 1024w, https:\/\/diariodominicano.com\/wp-content\/uploads\/2021\/11\/MidePlay-Bani-2021-11-18-300x144.jpeg 300w, https:\/\/diariodominicano.com\/wp-content\/uploads\/2021\/11\/MidePlay-Bani-2021-11-18-768x369.jpeg 768w, https:\/\/diariodominicano.com\/wp-content\/uploads\/2021\/11\/MidePlay-Bani-2021-11-18-816x392.jpeg 816w\" sizes=\"auto, (max-width: 326px) 100vw, 326px\" \/><\/figure><\/div>\n\n\n\n<p><br>La actividad, celebrada la tarde de este jueves en el estadio de s\u00f3ftbol Cucurucho de Peravia, \u00a0estuvo encabezada por funcionarios del \u00e1rea deportiva, as\u00ed como por autoridades legislativas y municipales.<\/p>\n\n\n\n<p><br>Entre las zonas que participan en los juegos est\u00e1 la Noreste compuesta por los barrios Los Barrancones, Juan Roberto Smith, El Fundo, Villa G\u00fcera, La Monter\u00eda, El Man\u00ed, La Saona, Las 20 Casitas y Guazuma.<\/p>\n\n\n\n<p><br>Asimismo, Villa Majega, Pueblo Nuevo, Santa Cruz, R\u00edo Arriba, El Limonal, El Carret\u00f3n, Las Bar\u00edas, Catalina Arriba y Paya Arriba, integran la zona Noroeste.<br>En tanto que la zona Sureste abarca la Plazoleta de los Deportes, Ana Reyes de P\u00e9rez, Ca\u00f1afistol, Villa Sombrero, El Llano, Boca Canasta, Villa Fundaci\u00f3n, Salinas, Las Calderas y 30 de Mayo.<\/p>\n\n\n\n<p><br>La zona Suroeste la integran los sectores Los Morenos, Paya Abajo, Catalina, Barrio Las Flores, Santa Rosa y Mata Gorda.<\/p>\n\n\n\n<p><br>Se competir\u00e1 en atletismo, b\u00e1dminton, baloncesto, b\u00e9isbol, baloncesto 3&#215;3, s\u00f3ftbol, f\u00fatbol, voleibol y boxeo, adem\u00e1s de en ajedrez y domin\u00f3. Como deportes de exhibici\u00f3n estar\u00e1n k\u00e1rate, tenis de mesa, tiro con arco, triatl\u00f3n, balonmano, taekwondo y levantamiento de pesas.<\/p>\n\n\n\n<p><br>Autoridades<br>El viceministro de Deportes para la Regi\u00f3n Sur, Kennedy Vargas, quien estuvo en representaci\u00f3n del ministro, Francisco \u00a0Camacho, destac\u00f3 que la instituci\u00f3n tiene la responsabilidad de llevar el deporte a las distintas comunidades del pa\u00eds para beneficiar a los futuros talentos.<\/p>\n\n\n\n<p><br>Manifest\u00f3 que los Juegos Municipales de Ban\u00ed son la antesala del gran evento que est\u00e1 pautado para el pr\u00f3ximo a\u00f1o, los Juegos Nacionales, a desarrollarse en las provincias Peravia, Azua y San Jos\u00e9 de Ocoa.<\/p>\n\n\n\n<p><br>El funcionario, adem\u00e1s, motiv\u00f3 a los j\u00f3venes a participar en el Festival Deportivo Navide\u00f1o que se inicia\u00a0en todo el pa\u00eds el 26 de noviembre y se extender\u00e1 hasta el 19 de diciembre, y distribuir\u00e1 premios en met\u00e1lico por m\u00e1s de 52 millones de pesos.<\/p>\n\n\n\n<p><br>\u201cTodas estas actividades deportivas para beneficio de los dominicanos han sido instruidas por el presidente de la Rep\u00fablica, Luis Abinader, y el ministro de Deportes, Francisco Camacho, quienes tienen el inter\u00e9s de que \u00a0el deporte avance\u201d, manifest\u00f3 Vargas.<\/p>\n\n\n\n<div class=\"wp-block-image\"><figure class=\"alignright size-full is-resized\"><img loading=\"lazy\" decoding=\"async\" src=\"https:\/\/diariodominicano.com\/wp-content\/uploads\/2021\/11\/MideBailetipico-2021-11-18-.jpeg\" alt=\"\" class=\"wp-image-309744\" width=\"317\" height=\"211\" srcset=\"https:\/\/diariodominicano.com\/wp-content\/uploads\/2021\/11\/MideBailetipico-2021-11-18-.jpeg 1024w, https:\/\/diariodominicano.com\/wp-content\/uploads\/2021\/11\/MideBailetipico-2021-11-18--300x200.jpeg 300w, https:\/\/diariodominicano.com\/wp-content\/uploads\/2021\/11\/MideBailetipico-2021-11-18--768x512.jpeg 768w, https:\/\/diariodominicano.com\/wp-content\/uploads\/2021\/11\/MideBailetipico-2021-11-18--816x543.jpeg 816w\" sizes=\"auto, (max-width: 317px) 100vw, 317px\" \/><\/figure><\/div>\n\n\n\n<p><br>Mientras que el viceministro para la Regi\u00f3n Este de Miderec y presidente de la Uni\u00f3n Deportiva de Peravia, Leopoldo Portes Soler, al dar la bienvenida inst\u00f3 a los participantes a competir con gallard\u00eda y a respetar las reglas de las disciplinas que disputar\u00e1n.<\/p>\n\n\n\n<p><br>En tanto que el alcalde del municipio de Ban\u00ed y presidente del comit\u00e9 organizador, Santos Ram\u00edrez, se refiri\u00f3 a la sinergia que hubo entre los organizadores para montar los juegos.<\/p>\n\n\n\n<p><br>Vaticin\u00f3 que de los Juegos Municipales surgir\u00e1n los deportistas que van a representar a la provincia Peravia en los venideros Juegos Nacionales.<br>\u201cEsperamos que esto termine de la misma manera en que empez\u00f3, en orden y en paz, que se entienda que cada evento deportivo constituye un escenario para hacer amigos\u201d, apunt\u00f3 el ejecutivo municipal.<\/p>\n\n\n\n<p><br>El diputado Julio Fulcar, al felicitar a los organizadores, afirm\u00f3 que los Juegos Municipales han creado la uni\u00f3n de m\u00e1s de 700 j\u00f3venes en todo municipio de Ban\u00ed, abriendo una valiosa oportunidad y enviando un mensaje al pa\u00eds de que en la provincia Peravia se hace deporte para encaminar a la juventud por un mejor porvenir.<\/p>\n\n\n\n<p><br>En la apertura estuvieron presentes, adem\u00e1s, el director provincial de Deportes, Victor Gil; Heyda Joaqu\u00edn, titular de los directores provinciales; el senador Milciades Franjul, los diputados Mercedes Rodr\u00edguez y Luis B\u00e1ez, as\u00ed como la vicealcaldesa de Ban\u00ed, Adriana Soto.<\/p>\n\n\n\n<p><br>Los juegos, que coinciden con las fiestas patronales de Ban\u00ed, han sido dedicados a la Virgen de Nuestra Se\u00f1ora de Regla, patrona de los peravianos.<br>Al final del acto, el ballet folcl\u00f3rico municipal puso a bailar a los presentes con la interpretaci\u00f3n de varios merengues.<br>Pies de fotos.<\/p>\n\n\n\n<p>El viceministro Kennedy Vargas, en representaci\u00f3n del Ministro de Deportes, Francisco Camacho, durante el acto de inauguraci\u00f3n de los Juegos Municipales de Bani.<\/p>\n\n\n\n<p>Julio Fulcar, diputado por la provincia Peravia.<\/p>\n\n\n\n<p>Leopoldo L\u00f3pez Soler, viceministro de Deportes de la regi\u00f3n sur, ofrece declaraciones durante\u00a0 de inauguraci\u00f3n de los Juegos Municipales de Bani.\u00a0<\/p>\n\n\n\n<p>Fuente:  <strong>Comunicaciones MIDEREC 20-24<\/strong>\u00a0<\/p>\n\n\n\n<p><strong>Video:&nbsp;<\/strong><a href=\"https:\/\/youtu.be\/7O3V-CRb_ks\" target=\"_blank\" rel=\"noreferrer noopener\">https:\/\/youtu.be\/7O3V-CRb_ks<\/a><\/p>\n","protected":false},"excerpt":{"rendered":"<p>diariodominicano.comUnos 800 atletas compiten\u00a0en 18 disciplinas y actividades recreativasBan\u00ed, Peravia, R. D., 20 de noviembre, 2021.- El Ministerio de Deportes y Recreaci\u00f3n dio comienzo a los III Juegos Municipales de Ban\u00ed en una entusiasta ceremonia en la que participaron los casi 800 atletas que compiten en 18 disciplinas y actividades recreativas. \u00a0 La actividad, celebrada [&hellip;]<\/p>\n","protected":false},"author":5,"featured_media":309742,"comment_status":"closed","ping_status":"","sticky":true,"template":"","format":"standard","meta":{"footnotes":""},"categories":[17,27],"tags":[],"class_list":["post-309741","post","type-post","status-publish","format-standard","has-post-thumbnail","hentry","category-deportes","category-portada"],"_links":{"self":[{"href":"https:\/\/diariodominicano.com\/index.php?rest_route=\/wp\/v2\/posts\/309741","targetHints":{"allow":["GET"]}}],"collection":[{"href":"https:\/\/diariodominicano.com\/index.php?rest_route=\/wp\/v2\/posts"}],"about":[{"href":"https:\/\/diariodominicano.com\/index.php?rest_route=\/wp\/v2\/types\/post"}],"author":[{"embeddable":true,"href":"https:\/\/diariodominicano.com\/index.php?rest_route=\/wp\/v2\/users\/5"}],"replies":[{"embeddable":true,"href":"https:\/\/diariodominicano.com\/index.php?rest_route=%2Fwp%2Fv2%2Fcomments&post=309741"}],"version-history":[{"count":1,"href":"https:\/\/diariodominicano.com\/index.php?rest_route=\/wp\/v2\/posts\/309741\/revisions"}],"predecessor-version":[{"id":309745,"href":"https:\/\/diariodominicano.com\/index.php?rest_route=\/wp\/v2\/posts\/309741\/revisions\/309745"}],"wp:featuredmedia":[{"embeddable":true,"href":"https:\/\/diariodominicano.com\/index.php?rest_route=\/wp\/v2\/media\/309742"}],"wp:attachment":[{"href":"https:\/\/diariodominicano.com\/index.php?rest_route=%2Fwp%2Fv2%2Fmedia&parent=309741"}],"wp:term":[{"taxonomy":"category","embeddable":true,"href":"https:\/\/diariodominicano.com\/index.php?rest_route=%2Fwp%2Fv2%2Fcategories&post=309741"},{"taxonomy":"post_tag","embeddable":true,"href":"https:\/\/diariodominicano.com\/index.php?rest_route=%2Fwp%2Fv2%2Ftags&post=309741"}],"curies":[{"name":"wp","href":"https:\/\/api.w.org\/{rel}","templated":true}]}}