{"id":309738,"date":"2021-11-20T20:26:14","date_gmt":"2021-11-21T00:26:14","guid":{"rendered":"http:\/\/diariodominicano.com\/?p=309738"},"modified":"2021-11-20T20:26:14","modified_gmt":"2021-11-21T00:26:14","slug":"justicia-peruana-dispone-abrir-juicio-oral-contra-expresidente-humala-por-lavado-de-activos","status":"publish","type":"post","link":"https:\/\/diariodominicano.com\/?p=309738","title":{"rendered":"Justicia peruana dispone abrir juicio oral contra expresidente Humala por lavado de activos"},"content":{"rendered":"\n<p>diariodominicano.com<\/p>\n\n\n\n<pre id=\"text-news-description\" class=\"wp-block-preformatted\">   LIMA, 19 nov (Xinhua) -- El Poder Judicial de Per\u00fa dispuso este viernes que se abra un juicio oral contra el expresidente Ollanta Humala (2011-2016) y su esposa, Nadine Heredia, por el presunto delito de lavado de activos, en el marco del caso Odebrecht.\n   La medida fue dictada por el Primer Juzgado de Investigaci\u00f3n Preparatoria de la Corte Superior Nacional, en respuesta a la solicitud formulada por la Fiscal\u00eda Provincial Corporativa Especializada en Delitos de Corrupci\u00f3n de Funcionarios.\n   La acci\u00f3n judicial se extiende igualmente a la madre de la exprimera dama, Antonia Alarc\u00f3n; su hermano, Ilan Alarc\u00f3n; as\u00ed como algunos amigos de la familia y a la organizaci\u00f3n pol\u00edtica liderada por el expresidente, el Partido Nacionalista Peruano.\n   El juez Richard Concepci\u00f3n Carhuancho declar\u00f3, de esta manera, la validez formal de la solicitud que hizo en el 2019 el fiscal anticorrupci\u00f3n Germ\u00e1n Ju\u00e1rez, quien ha pedido 20 a\u00f1os de prisi\u00f3n para Humala y 26 a\u00f1os para Heredia.\n   De acuerdo con la investigaci\u00f3n fiscal, el exmandatario y su esposa habr\u00edan recibido aportes ilegales de la constructora brasile\u00f1a Odebrecht, adem\u00e1s de otras fuentes de financiamiento, para su campa\u00f1a electoral en los a\u00f1os 2006 y 2011, este \u00faltimo en el que obtuvo la victoria presidencial.\n   En el proceso de investigaci\u00f3n fue clave la declaraci\u00f3n del exsuperintendente de Odebrecht en Per\u00fa, Jorge Barata, quien habr\u00eda revelado la entrega de tres millones de d\u00f3lares para financiar la campa\u00f1a del 2011.\n   Humala y Heredia son investigados de forma paralela por estar presuntamente vinculados a un supuesto trato, en 2014, a favor de Odebrecht en la licitaci\u00f3n del proyecto Gasoducto Sur Peruano.\n   Heredia cumple 24 meses de arresto domiciliario, desde septiembre del a\u00f1o pasado, cuando le fue revocada la medida de comparecencia con restricciones de parte de la Sala Penal Anticorrupci\u00f3n de la Corte Superior Nacional de Justicia Penal Especializada.\n   El expresidente Humala y su esposa cumplieron prisi\u00f3n preventiva durante nueve meses, entre los a\u00f1os 2017 y 2018, cuando el Tribunal Constitucional anul\u00f3 la medida en respuesta a un h\u00e1beas corpus presentada por la pareja.<\/pre>\n","protected":false},"excerpt":{"rendered":"<p>diariodominicano.com LIMA, 19 nov (Xinhua) &#8212; El Poder Judicial de Per\u00fa dispuso este viernes que se abra un juicio oral contra el expresidente Ollanta Humala (2011-2016) y su esposa, Nadine Heredia, por el presunto delito de lavado de activos, en el marco del caso Odebrecht. La medida fue dictada por el Primer Juzgado de Investigaci\u00f3n [&hellip;]<\/p>\n","protected":false},"author":5,"featured_media":309739,"comment_status":"closed","ping_status":"","sticky":true,"template":"","format":"standard","meta":{"footnotes":""},"categories":[23,27],"tags":[],"class_list":["post-309738","post","type-post","status-publish","format-standard","has-post-thumbnail","hentry","category-internacional","category-portada"],"_links":{"self":[{"href":"https:\/\/diariodominicano.com\/index.php?rest_route=\/wp\/v2\/posts\/309738","targetHints":{"allow":["GET"]}}],"collection":[{"href":"https:\/\/diariodominicano.com\/index.php?rest_route=\/wp\/v2\/posts"}],"about":[{"href":"https:\/\/diariodominicano.com\/index.php?rest_route=\/wp\/v2\/types\/post"}],"author":[{"embeddable":true,"href":"https:\/\/diariodominicano.com\/index.php?rest_route=\/wp\/v2\/users\/5"}],"replies":[{"embeddable":true,"href":"https:\/\/diariodominicano.com\/index.php?rest_route=%2Fwp%2Fv2%2Fcomments&post=309738"}],"version-history":[{"count":1,"href":"https:\/\/diariodominicano.com\/index.php?rest_route=\/wp\/v2\/posts\/309738\/revisions"}],"predecessor-version":[{"id":309740,"href":"https:\/\/diariodominicano.com\/index.php?rest_route=\/wp\/v2\/posts\/309738\/revisions\/309740"}],"wp:featuredmedia":[{"embeddable":true,"href":"https:\/\/diariodominicano.com\/index.php?rest_route=\/wp\/v2\/media\/309739"}],"wp:attachment":[{"href":"https:\/\/diariodominicano.com\/index.php?rest_route=%2Fwp%2Fv2%2Fmedia&parent=309738"}],"wp:term":[{"taxonomy":"category","embeddable":true,"href":"https:\/\/diariodominicano.com\/index.php?rest_route=%2Fwp%2Fv2%2Fcategories&post=309738"},{"taxonomy":"post_tag","embeddable":true,"href":"https:\/\/diariodominicano.com\/index.php?rest_route=%2Fwp%2Fv2%2Ftags&post=309738"}],"curies":[{"name":"wp","href":"https:\/\/api.w.org\/{rel}","templated":true}]}}