{"id":309736,"date":"2021-11-20T20:15:51","date_gmt":"2021-11-21T00:15:51","guid":{"rendered":"http:\/\/diariodominicano.com\/?p=309736"},"modified":"2021-11-20T20:15:51","modified_gmt":"2021-11-21T00:15:51","slug":"fiscalia-de-santiago-solicitara-medida-de-coercion-contra-hombre-que-abuso-sexualmente-de-una-adolescente","status":"publish","type":"post","link":"https:\/\/diariodominicano.com\/?p=309736","title":{"rendered":"Fiscal\u00eda de Santiago solicitar\u00e1 medida de coerci\u00f3n contra hombre que abus\u00f3 sexualmente de una adolescente"},"content":{"rendered":"\n<p>diariodominicano.com<\/p>\n\n\n\n<p>Santiago, R. D., 20 de noviembre, 2021.-  La Unidad de Prevenci\u00f3n y Persecuci\u00f3n de la Violencia de G\u00e9nero, Intrafamiliar y Delitos Sexuales de Santiago inform\u00f3 del arresto de Luis Fern\u00e1ndez J\u00e1quez, a quien se le imputa el delito de violencia sexual en contra de una adolescente, en un hecho ocurrido en esta provincia.El Ministerio P\u00fablico de esta jurisdicci\u00f3n, representado por la fiscal Gladisleny N\u00fa\u00f1ez, indic\u00f3 que en las pr\u00f3ximas horas le ser\u00e1 conocida la medida de coerci\u00f3n al imputado, quien se encuentra detenido en el Palacio de Justicia de Santiago.<\/p>\n\n\n\n<p>Asimismo, apunt\u00f3 que la detenci\u00f3n fue realizada bajo el amparo de la orden de arresto n\u00famero 08473-21, emitida por la Oficina Judicial de Servicios de Atenci\u00f3n Permanente.<\/p>\n\n\n\n<p>La Fiscal\u00eda de Santiago indic\u00f3, a trav\u00e9s de un comunicado de prensa, que est\u00e1 a la espera de que el tribunal fije el d\u00eda para el conocimiento de medida de coerci\u00f3n en contra de Luis Fern\u00e1ndez.<\/p>\n\n\n\n<p>Seg\u00fan el expediente de solicitud de medida de coerci\u00f3n, Fern\u00e1ndez J\u00e1quez cometi\u00f3 el delito cuando la menor ten\u00eda 14 a\u00f1os.<\/p>\n\n\n\n<p>El \u00f3rgano acusador ha otorgado al presente hecho la calificaci\u00f3n jur\u00eddica de violaci\u00f3n a los art\u00edculos 330 y 331 del C\u00f3digo Penal Dominicano y el art\u00edculo 396 de la Ley 136-03 del C\u00f3digo para el Sistema de Protecci\u00f3n y los Derechos Fundamentales de Ni\u00f1os, Ni\u00f1as y Adolescentes.<\/p>\n\n\n\n<p>Fuente:  <strong>Direcci\u00f3n de Comunicaci\u00f3n y Prensa<\/strong><\/p>\n\n\n\n<p><strong>Procuradur\u00eda General-Ministerio P\u00fablico RD<\/strong><\/p>\n\n\n\n<p><strong>S\u00e1bado, 20 de noviembre de 2021<\/strong><\/p>\n\n\n\n<p><strong>Direcci\u00f3n General de Comunicaciones, Prensa y Relaciones P\u00fablicas<\/strong><\/p>\n\n\n\n<p>Procuradur\u00eda General de la Rep\u00fablica Dominicana<\/p>\n","protected":false},"excerpt":{"rendered":"<p>diariodominicano.com Santiago, R. D., 20 de noviembre, 2021.- La Unidad de Prevenci\u00f3n y Persecuci\u00f3n de la Violencia de G\u00e9nero, Intrafamiliar y Delitos Sexuales de Santiago inform\u00f3 del arresto de Luis Fern\u00e1ndez J\u00e1quez, a quien se le imputa el delito de violencia sexual en contra de una adolescente, en un hecho ocurrido en esta provincia.El Ministerio [&hellip;]<\/p>\n","protected":false},"author":5,"featured_media":290218,"comment_status":"closed","ping_status":"","sticky":true,"template":"","format":"standard","meta":{"footnotes":""},"categories":[24,27],"tags":[],"class_list":["post-309736","post","type-post","status-publish","format-standard","has-post-thumbnail","hentry","category-justicia-y-derecho","category-portada"],"_links":{"self":[{"href":"https:\/\/diariodominicano.com\/index.php?rest_route=\/wp\/v2\/posts\/309736","targetHints":{"allow":["GET"]}}],"collection":[{"href":"https:\/\/diariodominicano.com\/index.php?rest_route=\/wp\/v2\/posts"}],"about":[{"href":"https:\/\/diariodominicano.com\/index.php?rest_route=\/wp\/v2\/types\/post"}],"author":[{"embeddable":true,"href":"https:\/\/diariodominicano.com\/index.php?rest_route=\/wp\/v2\/users\/5"}],"replies":[{"embeddable":true,"href":"https:\/\/diariodominicano.com\/index.php?rest_route=%2Fwp%2Fv2%2Fcomments&post=309736"}],"version-history":[{"count":1,"href":"https:\/\/diariodominicano.com\/index.php?rest_route=\/wp\/v2\/posts\/309736\/revisions"}],"predecessor-version":[{"id":309737,"href":"https:\/\/diariodominicano.com\/index.php?rest_route=\/wp\/v2\/posts\/309736\/revisions\/309737"}],"wp:featuredmedia":[{"embeddable":true,"href":"https:\/\/diariodominicano.com\/index.php?rest_route=\/wp\/v2\/media\/290218"}],"wp:attachment":[{"href":"https:\/\/diariodominicano.com\/index.php?rest_route=%2Fwp%2Fv2%2Fmedia&parent=309736"}],"wp:term":[{"taxonomy":"category","embeddable":true,"href":"https:\/\/diariodominicano.com\/index.php?rest_route=%2Fwp%2Fv2%2Fcategories&post=309736"},{"taxonomy":"post_tag","embeddable":true,"href":"https:\/\/diariodominicano.com\/index.php?rest_route=%2Fwp%2Fv2%2Ftags&post=309736"}],"curies":[{"name":"wp","href":"https:\/\/api.w.org\/{rel}","templated":true}]}}