{"id":309733,"date":"2021-11-20T20:02:50","date_gmt":"2021-11-21T00:02:50","guid":{"rendered":"http:\/\/diariodominicano.com\/?p=309733"},"modified":"2021-11-20T20:02:50","modified_gmt":"2021-11-21T00:02:50","slug":"presidente-abinader-inicia-consejo-de-ministros-para-el-desarrollo-de-bahoruco-e-independencia","status":"publish","type":"post","link":"https:\/\/diariodominicano.com\/?p=309733","title":{"rendered":"Presidente Abinader inicia consejo de ministros para el desarrollo de Bahoruco e Independencia"},"content":{"rendered":"\n<p>diariodominicano.com<\/p>\n\n\n\n<p>Neiba, Bahoruco, R. D.,  20 de noviembre, 2021.-  En estos momentos, el presidente Luis Abinader encabeza un consejo de ministros donde escucha las principales necesidades de Bahoruco e Independencia, as\u00ed como las obras sociales y comunitarias a realizar.<\/p>\n\n\n\n<p>Se analizan los lineamientos para el desarrollo e infraestructuras de estas provincias y la inversi\u00f3n del Gobierno en el \u00e1rea de la salud.<\/p>\n\n\n\n<p>En la reuni\u00f3n que se desarrolla en el sal\u00f3n multiuso Rafael Hern\u00e1ndez, participan los principales funcionarios del gobierno.<\/p>\n\n\n\n<p>Entre los temas abordados est\u00e1n, adem\u00e1s, los aportes del Gobierno a los Ayuntamientos de Bahoruco y el programa de obras a desarrollar.<\/p>\n\n\n\n<p>Tambi\u00e9n, se tratar\u00e1n temas de desarrollo tur\u00edstico sostenible y la producci\u00f3n agropecuaria<\/p>\n\n\n\n<p>Fuente: Direcci\u00f3n de Estrategia y Comunicaci\u00f3n Gubernamental<\/p>\n\n\n\n<p>Ministerio Administrativo de la Presidencia de la Rep\u00fablica Dominicana<\/p>\n\n\n\n<p><\/p>\n","protected":false},"excerpt":{"rendered":"<p>diariodominicano.com Neiba, Bahoruco, R. D., 20 de noviembre, 2021.- En estos momentos, el presidente Luis Abinader encabeza un consejo de ministros donde escucha las principales necesidades de Bahoruco e Independencia, as\u00ed como las obras sociales y comunitarias a realizar. Se analizan los lineamientos para el desarrollo e infraestructuras de estas provincias y la inversi\u00f3n del [&hellip;]<\/p>\n","protected":false},"author":5,"featured_media":309734,"comment_status":"closed","ping_status":"","sticky":true,"template":"","format":"standard","meta":{"footnotes":""},"categories":[20,27],"tags":[],"class_list":["post-309733","post","type-post","status-publish","format-standard","has-post-thumbnail","hentry","category-dominicana-hoy","category-portada"],"_links":{"self":[{"href":"https:\/\/diariodominicano.com\/index.php?rest_route=\/wp\/v2\/posts\/309733","targetHints":{"allow":["GET"]}}],"collection":[{"href":"https:\/\/diariodominicano.com\/index.php?rest_route=\/wp\/v2\/posts"}],"about":[{"href":"https:\/\/diariodominicano.com\/index.php?rest_route=\/wp\/v2\/types\/post"}],"author":[{"embeddable":true,"href":"https:\/\/diariodominicano.com\/index.php?rest_route=\/wp\/v2\/users\/5"}],"replies":[{"embeddable":true,"href":"https:\/\/diariodominicano.com\/index.php?rest_route=%2Fwp%2Fv2%2Fcomments&post=309733"}],"version-history":[{"count":1,"href":"https:\/\/diariodominicano.com\/index.php?rest_route=\/wp\/v2\/posts\/309733\/revisions"}],"predecessor-version":[{"id":309735,"href":"https:\/\/diariodominicano.com\/index.php?rest_route=\/wp\/v2\/posts\/309733\/revisions\/309735"}],"wp:featuredmedia":[{"embeddable":true,"href":"https:\/\/diariodominicano.com\/index.php?rest_route=\/wp\/v2\/media\/309734"}],"wp:attachment":[{"href":"https:\/\/diariodominicano.com\/index.php?rest_route=%2Fwp%2Fv2%2Fmedia&parent=309733"}],"wp:term":[{"taxonomy":"category","embeddable":true,"href":"https:\/\/diariodominicano.com\/index.php?rest_route=%2Fwp%2Fv2%2Fcategories&post=309733"},{"taxonomy":"post_tag","embeddable":true,"href":"https:\/\/diariodominicano.com\/index.php?rest_route=%2Fwp%2Fv2%2Ftags&post=309733"}],"curies":[{"name":"wp","href":"https:\/\/api.w.org\/{rel}","templated":true}]}}