{"id":309722,"date":"2021-11-20T18:38:02","date_gmt":"2021-11-20T22:38:02","guid":{"rendered":"http:\/\/diariodominicano.com\/?p=309722"},"modified":"2021-11-20T18:38:02","modified_gmt":"2021-11-20T22:38:02","slug":"congresistas-de-izquierda-se-unen-en-defensa-de-presidente-de-peru","status":"publish","type":"post","link":"https:\/\/diariodominicano.com\/?p=309722","title":{"rendered":"Congresistas de izquierda se unen en defensa de presidente de Per\u00fa"},"content":{"rendered":"\n<p><strong>Lima, 20 nov (Prensa Latina) <\/strong>Los congresistas de izquierda de Per\u00fa manifestaron hoy su decisi\u00f3n un\u00e1nime de defender al presidente Pedro Castillo frente al intento de fuerzas de extrema derecha de destituirlo a menos de cuatro meses de iniciar su gobierno.<\/p>\n\n\n\n<ul class=\"wp-block-list\"><li>noviembre 20, 2021<\/li><li>CST17:09 (GMT) -0500<\/li><\/ul>\n\n\n\n<p>Los representantes progresistas coincidieron en esa posici\u00f3n, por encima de diferencias y en aras de impedir que se escamotee la victoria popular obtenida por Castillo en las urnas.<\/p>\n\n\n\n<p>El ex primer ministro Guido Bellido, del partido gobernante, Per\u00fa Libre (PL), asegur\u00f3 que la agrupaci\u00f3n \u201cde ninguna manera apoyar\u00e1 una moci\u00f3n de vacancia (destituci\u00f3n)\u201d presentada por tres bancadas de extrema derecha en el Congreso de la Rep\u00fablica.<\/p>\n\n\n\n<p>A\u00f1adi\u00f3 que, pese a discrepancias en torno a la reciente conformaci\u00f3n de un nuevo gabinete ministerial, no hay ninguna duda en cuanto a la defensa de Castillo y de la democracia.<\/p>\n\n\n\n<p>Sobre las desavenencias en la bancada PL, explic\u00f3 que no hay divisi\u00f3n sino \u201cdos miradas distintas\u201d, una de los legisladores propiamente militantes del partido y otra de los que se sumaron a este como aliados, principalmente sindicalistas del magisterio.<\/p>\n\n\n\n<p>El legislador Edgar Tello, tambi\u00e9n de esa formaci\u00f3n, coincidi\u00f3 con Bellido en se\u00f1alar que est\u00e1n unidos en torno al rechazo a la destituci\u00f3n de Castillo, a la cual calific\u00f3 como antidemocr\u00e1tica.<\/p>\n\n\n\n<p>\u201cEstamos en una sola idea y en ese sentido cerramos filas contra la vacancia que pretende la derecha en forma descarada\u201d, expres\u00f3.<\/p>\n\n\n\n<p>\u00abLa bancada est\u00e1 unida contra ese pedido\u00bb, agreg\u00f3.<\/p>\n\n\n\n<p>Tras pronosticar el fracaso de la moci\u00f3n, Bellido dijo que esta se origina en que los partidos de derecha no le perdonan a Castillo que haya sido elegido presidente.<\/p>\n\n\n\n<p>Por su parte, la l\u00edder del cogobernante Movimiento Nuevo Per\u00fa, Ver\u00f3nika Mendoza, ratific\u00f3 el respaldo de su organizaci\u00f3n al jefe de Estado, en un discurso en la inauguraci\u00f3n del Congreso de la misma.<\/p>\n\n\n\n<p>Llam\u00f3 a las fuerzas democr\u00e1ticas \u201ca rechazar a los sectores golpistas que hasta hoy no reconocen el resultado electoral, que agitan la vacancia desde el primer d\u00eda del nuevo gobierno y desprecian la democracia\u201d.<\/p>\n\n\n\n<p>Mendoza a\u00f1adi\u00f3 que al golpismo \u201cno se le puede hacer el juego\u201d y advirti\u00f3 que el silencio o la actitud perversa de equidistancia entre el golpismo y la democracia son formas de complicidad con la conspiraci\u00f3n.<\/p>\n\n\n\n<p>Advirti\u00f3 que el objetivo de la derecha no es solo expulsar a Castillo, sino \u201cdestruir la democracia para mantener sus privilegios y evadir a la justicia\u201d, alusi\u00f3n esta a Keiko Fujimori, jefa de Fuerza Popular (FP).<\/p>\n\n\n\n<p>FP es uno de los partidos que promueven la vacancia presidencial y su jefa tiene pendiente un juicio por lavado de activos y otros delitos por los cuales el fiscal del caso pide para ella 30 a\u00f1os y 10 meses de c\u00e1rcel.<\/p>\n\n\n\n<p>De otro lado, el parlamentario Jorge Montoya, del partido Renovaci\u00f3n Popular, dijo que su formaci\u00f3n apoya a la moci\u00f3n pero reconoci\u00f3 que, de votarse, no alcanzar\u00e1 la mayor\u00eda de dos tercios (87 de los 130 congresistas), requerida para su aprobaci\u00f3n por el pleno legislativo.<\/p>\n\n\n\n<p>A\u00f1adi\u00f3 que s\u00ed servir\u00e1 para que el Presidente comparezca ante el pleno y responda preguntas de los legisladores, as\u00ed como \u201cpara encarrilar\u201d a su Gobierno, es decir, que se mantenga dentro de los l\u00edmites del r\u00e9gimen neoliberal vigente. gas\/mrs<\/p>\n\n\n\n<ul class=\"wp-block-list\"><li>#<a href=\"https:\/\/www.prensa-latina.cu\/tags\/castillo\">castillo<\/a>&nbsp;#<a href=\"https:\/\/www.prensa-latina.cu\/tags\/peru\">PERU<\/a>&nbsp;#<a href=\"https:\/\/www.prensa-latina.cu\/tags\/politica\">POL\u00cdTICA<\/a><\/li><\/ul>\n\n\n\n<h5 class=\"wp-block-heading\"><a href=\"https:\/\/www.prensa-latina.cu\/ahora-en-prensa-latina\">MINUTO A MINUTO<\/a><\/h5>\n\n\n\n<ul class=\"wp-block-list\"><li>17:21<\/li><\/ul>\n\n\n\n<p><a href=\"https:\/\/www.prensa-latina.cu\/2021\/11\/20\/rennes-derrota-a-montpellier-y-es-sublider-del-futbol-frances\">Rennes derrota a Montpellier y es subl\u00edder del f\u00fatbol franc\u00e9s<\/a><\/p>\n\n\n\n<ul class=\"wp-block-list\"><li>17:14<\/li><\/ul>\n\n\n\n<p><a href=\"https:\/\/www.prensa-latina.cu\/2021\/11\/20\/tercer-boletin-de-deportes-242\">Tercer bolet\u00edn de deportes<\/a><\/p>\n\n\n\n<ul class=\"wp-block-list\"><li>17:13<\/li><\/ul>\n\n\n\n<p><a href=\"https:\/\/www.prensa-latina.cu\/2021\/11\/20\/doblete-de-bonucci-lidera-victoria-de-juventus-en-futbol-de-italia\">Doblete de Bonucci lidera victoria de Juventus en f\u00fatbol de Italia<\/a><\/p>\n\n\n\n<ul class=\"wp-block-list\"><li>17:09<\/li><\/ul>\n\n\n\n<p><a href=\"https:\/\/www.prensa-latina.cu\/2021\/11\/20\/legisladores-del-mundo-reiteran-solidaridad-con-cuba-ante-agresiones\">Legisladores del mundo reiteran solidaridad con Cuba ante agresiones<\/a><\/p>\n\n\n\n<ul class=\"wp-block-list\"><li>17:09<\/li><\/ul>\n\n\n\n<p><a href=\"https:\/\/www.prensa-latina.cu\/2021\/11\/20\/congresistas-de-izquierda-se-unen-en-defensa-de-presidente-de-peru\">Congresistas de izquierda se unen en defensa de presidente de Per\u00fa<\/a><\/p>\n\n\n\n<ul class=\"wp-block-list\"><li>16:10<\/li><\/ul>\n\n\n\n<p><a href=\"https:\/\/www.prensa-latina.cu\/2021\/11\/20\/ciclista-kevin-vega-a-las-puertas-de-los-primeros-juegos-panamericanos-junior\">Ciclista Kevin Vega a las puertas de los Primeros Juegos Panamericanos Junior<\/a><\/p>\n\n\n\n<h5 class=\"wp-block-heading\">NOTAS RELACIONADAS<\/h5>\n\n\n\n<h2 class=\"wp-block-heading\"><a href=\"https:\/\/www.prensa-latina.cu\/2021\/11\/20\/empresas-y-prensa-neoliberal-contra-acuerdos-de-distension-en-peru\">Empresas y prensa neoliberal contra acuerdos de distensi\u00f3n en Per\u00fa<\/a><\/h2>\n\n\n\n<h2 class=\"wp-block-heading\"><a href=\"https:\/\/www.prensa-latina.cu\/2021\/11\/20\/expresidente-peruano-considera-aberrante-intento-de-vacar-a-castillo\">Expresidente peruano considera aberrante intento de vacar a Castillo<\/a><\/h2>\n\n\n\n<h2 class=\"wp-block-heading\"><a href=\"https:\/\/www.prensa-latina.cu\/2021\/11\/19\/prosigue-fragmentacion-del-derechista-partido-salvadoreno-arena\">Prosigue fragmentaci\u00f3n del derechista partido salvadore\u00f1o Arena<\/a><\/h2>\n\n\n\n<h2 class=\"wp-block-heading\"><a href=\"https:\/\/www.prensa-latina.cu\/2021\/11\/19\/dirigente-denuncia-intereses-tras-mocion-contra-castillo-en-peru\">Dirigente denuncia intereses tras moci\u00f3n&nbsp;<\/a><\/h2>\n","protected":false},"excerpt":{"rendered":"<p>Lima, 20 nov (Prensa Latina) Los congresistas de izquierda de Per\u00fa manifestaron hoy su decisi\u00f3n un\u00e1nime de defender al presidente Pedro Castillo frente al intento de fuerzas de extrema derecha de destituirlo a menos de cuatro meses de iniciar su gobierno. noviembre 20, 2021 CST17:09 (GMT) -0500 Los representantes progresistas coincidieron en esa posici\u00f3n, por [&hellip;]<\/p>\n","protected":false},"author":2,"featured_media":0,"comment_status":"closed","ping_status":"","sticky":true,"template":"","format":"standard","meta":{"footnotes":""},"categories":[23,27],"tags":[],"class_list":["post-309722","post","type-post","status-publish","format-standard","hentry","category-internacional","category-portada"],"_links":{"self":[{"href":"https:\/\/diariodominicano.com\/index.php?rest_route=\/wp\/v2\/posts\/309722","targetHints":{"allow":["GET"]}}],"collection":[{"href":"https:\/\/diariodominicano.com\/index.php?rest_route=\/wp\/v2\/posts"}],"about":[{"href":"https:\/\/diariodominicano.com\/index.php?rest_route=\/wp\/v2\/types\/post"}],"author":[{"embeddable":true,"href":"https:\/\/diariodominicano.com\/index.php?rest_route=\/wp\/v2\/users\/2"}],"replies":[{"embeddable":true,"href":"https:\/\/diariodominicano.com\/index.php?rest_route=%2Fwp%2Fv2%2Fcomments&post=309722"}],"version-history":[{"count":1,"href":"https:\/\/diariodominicano.com\/index.php?rest_route=\/wp\/v2\/posts\/309722\/revisions"}],"predecessor-version":[{"id":309723,"href":"https:\/\/diariodominicano.com\/index.php?rest_route=\/wp\/v2\/posts\/309722\/revisions\/309723"}],"wp:attachment":[{"href":"https:\/\/diariodominicano.com\/index.php?rest_route=%2Fwp%2Fv2%2Fmedia&parent=309722"}],"wp:term":[{"taxonomy":"category","embeddable":true,"href":"https:\/\/diariodominicano.com\/index.php?rest_route=%2Fwp%2Fv2%2Fcategories&post=309722"},{"taxonomy":"post_tag","embeddable":true,"href":"https:\/\/diariodominicano.com\/index.php?rest_route=%2Fwp%2Fv2%2Ftags&post=309722"}],"curies":[{"name":"wp","href":"https:\/\/api.w.org\/{rel}","templated":true}]}}