{"id":309706,"date":"2021-11-20T19:45:25","date_gmt":"2021-11-20T23:45:25","guid":{"rendered":"http:\/\/diariodominicano.com\/?p=309706"},"modified":"2021-11-20T19:45:25","modified_gmt":"2021-11-20T23:45:25","slug":"cumbre-de-lideres-de-norteamerica-deja-importantes-consensos-y-retos-consideran-expertos-mexicanos","status":"publish","type":"post","link":"https:\/\/diariodominicano.com\/?p=309706","title":{"rendered":"Cumbre de l\u00edderes de Norteam\u00e9rica deja importantes consensos y retos, consideran expertos mexicanos"},"content":{"rendered":"\n<h3 class=\"wp-block-heading\">diariodominicano.com<a rel=\"noreferrer noopener\" href=\"https:\/\/www.xinhua-news.com\/gdsdetailxhs\/share\/10629253-?pageflag=iframe\" target=\"_blank\"><\/a><\/h3>\n\n\n\n<pre id=\"text-news-description\" class=\"wp-block-preformatted\">   Por Jos\u00e9 Gabriel Mart\u00ednez\n   MEXICO, 20 nov (Xinhua) -- La IX Cumbre de l\u00edderes de Norteam\u00e9rica dej\u00f3 importantes consensos entre los mandatarios de M\u00e9xico, Estados Unidos y Canad\u00e1 en temas medulares para la regi\u00f3n, pero tambi\u00e9n retos para materializar las coincidencias en pol\u00edticas efectivas en el corto plazo, consideraron expertos mexicanos consultados por Xinhua.\n   El evento reuni\u00f3 el jueves en Washington a los presidentes Joe Biden y Andr\u00e9s Manuel L\u00f3pez Obrador, y al primer ministro Justin Trudeau, tras cinco a\u00f1os de que los l\u00edderes de los tres pa\u00edses de Am\u00e9rica del Norte no coincidieran para analizar problemas regionales y trazar estrategias conjuntas.\n   Durante la cumbre, los tres l\u00edderes subrayaron los \"fuertes lazos e integraci\u00f3n\" de sus pa\u00edses y reafirmaron la voluntad de \"trazar un nuevo camino\" para su asociaci\u00f3n, en un momento en que enfrentan \"desaf\u00edos globales incre\u00edblemente complejos\", rese\u00f1\u00f3 la Casa Blanca en un comunicado de prensa.\n   Los l\u00edderes se comprometieron a tomar acciones concretas en apoyo de sus objetivos conjuntos, que incluyen poner fin a la pandemia por COVID-19 y promover la salud mundial, fomentar la competitividad y crear condiciones para un crecimiento equitativo, as\u00ed como coordinar una respuesta regional a la migraci\u00f3n.\n   Tales objetivos y los principales acuerdos para su cumplimiento adoptados en la cumbre fueron explicitados por los mandatarios en una declaraci\u00f3n conjunta, calificada por expertos como \"positiva\" y \"estrat\u00e9gica\" para la regi\u00f3n.\n   Fernando de Mateo, representante permanente de M\u00e9xico ante la Organizaci\u00f3n Mundial del Comercio en Ginebra de 2005 a 2016, estima que a partir de la cumbre puede haber un cambio en la relaci\u00f3n.\n   Sobre la declaraci\u00f3n conjunta y los resultados del encuentro dijo a Xinhua que \"estuvieron bien\", aunque lament\u00f3 que no se hayan anunciado medidas concretas para atender la migraci\u00f3n y el tr\u00e1fico de armas en el corto plazo.\n   En su opini\u00f3n, el punto fundamental de la cumbre es que fij\u00f3 \"un compromiso en hacer mayor integraci\u00f3n de las cadenas regionales entre los tres pa\u00edses\".\n   Sin embargo, ponder\u00f3 el inter\u00e9s por incrementar la integraci\u00f3n y la competitividad regionales, las cuales no deben llevar a pr\u00e1cticas proteccionistas y medidas arancelarias que desemboquen en guerras comerciales innecesarias.\n   \"Si lo que quieres es ser m\u00e1s competitivo, lo que tienes que hacer es liberalizar\", asever\u00f3 De Mateo, jefe negociador de varios de los tratados de libre comercio suscritos por M\u00e9xico.\n   \"En la cumbre se llam\u00f3 a disminuir las importaciones e incrementar el comercio en la regi\u00f3n, pero la variaci\u00f3n porcentual de lo que cada uno importa del otro en el \u00e1rea obedece mayormente a la transformaci\u00f3n econ\u00f3mica de Estados Unidos, que ha girado su econom\u00eda hacia el sector de los servicios y lo intangible\", acot\u00f3.\n   Por su parte, el doctor en Ciencias Pol\u00edticas, Eduardo Rold\u00e1n,  consider\u00f3 que la cumbre toc\u00f3 los temas m\u00e1s importantes para la regi\u00f3n como seguridad, migraci\u00f3n, cambio clim\u00e1tico, comercio, desarrollo econ\u00f3mico y salud, en el contexto de la enfermedad del nuevo coronavirus (COVID-19).\n   \"Es un paso m\u00e1s al acercamiento, a la discusi\u00f3n directa\", resalt\u00f3, aunque matiz\u00f3 que su sentimiento es \"un tanto agridulce\".\n   \"Dulce porque se avanz\u00f3, pero agrio porque hay conflictos que no est\u00e1n resueltos como el trasiego de armas y de enervantes, los cuales son temas en los que debe haber corresponsabilidad entre los tres pa\u00edses, porque la oferta y la demanda est\u00e1n conectadas\", explic\u00f3.\n   Para Rold\u00e1n, diplom\u00e1tico de carrera que se desempe\u00f1\u00f3 en diferentes cargos dentro de la canciller\u00eda mexicana de 1989 a 2014, entre ellos el de director de Asuntos Bilaterales con Estados Unidos y Canad\u00e1, hay que darle seguimiento en los pr\u00f3ximos a\u00f1os a lo acordado en la cumbre para juzgarlo en su justa medida.\n   Los encuentros de alto nivel entre los tres pa\u00edses de la regi\u00f3n \"deben darse de manera permanente para que haya coordinaci\u00f3n entre las pol\u00edticas\", asever\u00f3.\n   En tanto, la profesora e investigadora de la Iniciativa de Transparencia y Anticorrupci\u00f3n del Tecnol\u00f3gico de Monterrey, Maribel Flores, coincidi\u00f3 en que la cumbre trilateral fue relevante porque \"los temas fundamentales fueron estrat\u00e9gicos\".\n   \"Todav\u00eda persisten las diferencias entre las perspectivas o pol\u00edticas que enmarcan la relaci\u00f3n entre las naciones, donde fundamentalmente tendr\u00e1n que seguirse los di\u00e1logos al m\u00e1s alto nivel para discutir las diferencias en materia de cambio clim\u00e1tico y otros temas\", subray\u00f3 la acad\u00e9mica.\n   Pese a ello,  el encuentro entre Biden, L\u00f3pez Obrador y Trudeau fue positivo, ya que constituy\u00f3 \"el inicio del tratamiento conjunto a grandes temas como la migraci\u00f3n\", indic\u00f3.\n   \"Demostr\u00f3 la voluntad pol\u00edtica de las partes para abordar temas importantes\", a\u00f1adi\u00f3 Flores en entrevista con Xinhua, a la vez que destac\u00f3 el trato respetuoso, con equilibrio y simetr\u00eda que se vio en las conversaciones de los mandatarios. <\/pre>\n","protected":false},"excerpt":{"rendered":"<p>diariodominicano.com Por Jos\u00e9 Gabriel Mart\u00ednez MEXICO, 20 nov (Xinhua) &#8212; La IX Cumbre de l\u00edderes de Norteam\u00e9rica dej\u00f3 importantes consensos entre los mandatarios de M\u00e9xico, Estados Unidos y Canad\u00e1 en temas medulares para la regi\u00f3n, pero tambi\u00e9n retos para materializar las coincidencias en pol\u00edticas efectivas en el corto plazo, consideraron expertos mexicanos consultados por Xinhua. [&hellip;]<\/p>\n","protected":false},"author":5,"featured_media":309731,"comment_status":"closed","ping_status":"","sticky":true,"template":"","format":"standard","meta":{"footnotes":""},"categories":[23,27],"tags":[],"class_list":["post-309706","post","type-post","status-publish","format-standard","has-post-thumbnail","hentry","category-internacional","category-portada"],"_links":{"self":[{"href":"https:\/\/diariodominicano.com\/index.php?rest_route=\/wp\/v2\/posts\/309706","targetHints":{"allow":["GET"]}}],"collection":[{"href":"https:\/\/diariodominicano.com\/index.php?rest_route=\/wp\/v2\/posts"}],"about":[{"href":"https:\/\/diariodominicano.com\/index.php?rest_route=\/wp\/v2\/types\/post"}],"author":[{"embeddable":true,"href":"https:\/\/diariodominicano.com\/index.php?rest_route=\/wp\/v2\/users\/5"}],"replies":[{"embeddable":true,"href":"https:\/\/diariodominicano.com\/index.php?rest_route=%2Fwp%2Fv2%2Fcomments&post=309706"}],"version-history":[{"count":1,"href":"https:\/\/diariodominicano.com\/index.php?rest_route=\/wp\/v2\/posts\/309706\/revisions"}],"predecessor-version":[{"id":309732,"href":"https:\/\/diariodominicano.com\/index.php?rest_route=\/wp\/v2\/posts\/309706\/revisions\/309732"}],"wp:featuredmedia":[{"embeddable":true,"href":"https:\/\/diariodominicano.com\/index.php?rest_route=\/wp\/v2\/media\/309731"}],"wp:attachment":[{"href":"https:\/\/diariodominicano.com\/index.php?rest_route=%2Fwp%2Fv2%2Fmedia&parent=309706"}],"wp:term":[{"taxonomy":"category","embeddable":true,"href":"https:\/\/diariodominicano.com\/index.php?rest_route=%2Fwp%2Fv2%2Fcategories&post=309706"},{"taxonomy":"post_tag","embeddable":true,"href":"https:\/\/diariodominicano.com\/index.php?rest_route=%2Fwp%2Fv2%2Ftags&post=309706"}],"curies":[{"name":"wp","href":"https:\/\/api.w.org\/{rel}","templated":true}]}}