{"id":309705,"date":"2021-11-20T18:03:51","date_gmt":"2021-11-20T22:03:51","guid":{"rendered":"http:\/\/diariodominicano.com\/?p=309705"},"modified":"2021-11-20T18:08:04","modified_gmt":"2021-11-20T22:08:04","slug":"mescyt-y-uasd-firman-convenio-para-envio-de-20-profesores-a-cuba-para-especializarse-en-educacion","status":"publish","type":"post","link":"https:\/\/diariodominicano.com\/?p=309705","title":{"rendered":"Mescyt y UASD firman convenio para env\u00edo de 20 profesores a Cuba para especializarse en Educaci\u00f3n"},"content":{"rendered":"\n<p><\/p>\n\n\n\n<p><em>Acuerdo envuelve la erogaci\u00f3n de US$340 mil d\u00f3lares para cubrir gastos docentes en La Habana<\/em><\/p>\n\n\n\n<p><strong><em>SANTO DOMINGO<\/em><\/strong>, RD, 20 de noviembre de 2021. &#8211; El Ministerio de Educaci\u00f3n Superior, Ciencia y Tecnolog\u00eda (Mescyt) y la Universidad Aut\u00f3noma de Santo Domingo (UASD) firmaron un convenio de colaboraci\u00f3n, mediante el cual el organismo oficial erogar\u00e1 US$340 mil en tres a\u00f1os para cubrir los gastos de 20 docentes de la academia estatal que cursar\u00e1n un Doctorado en Educaci\u00f3n en la Universidad de Ciencias Pedag\u00f3gicas Enrique Jos\u00e9 Varona, en Cuba.<\/p>\n\n\n\n<p><\/p>\n\n\n\n<p>El acuerdo fue suscrito entre el titular del Mescyt, doctor Franklin Garc\u00eda Ferm\u00edn, y la rectora de la UASD, Emma Polanco, quienes destacaron el inter\u00e9s del presidente Luis Abinader de permitir que los docentes dominicanos contin\u00faen ampliando sus conocimientos para beneficio del pa\u00eds.<\/p>\n\n\n\n<figure class=\"wp-block-image size-large\"><img loading=\"lazy\" decoding=\"async\" width=\"1024\" height=\"684\" src=\"https:\/\/diariodominicano.com\/wp-content\/uploads\/2021\/11\/CONVENIO-UASD-2-1024x684.jpg\" alt=\"\" class=\"wp-image-309708\" srcset=\"https:\/\/diariodominicano.com\/wp-content\/uploads\/2021\/11\/CONVENIO-UASD-2-1024x684.jpg 1024w, https:\/\/diariodominicano.com\/wp-content\/uploads\/2021\/11\/CONVENIO-UASD-2-300x201.jpg 300w, https:\/\/diariodominicano.com\/wp-content\/uploads\/2021\/11\/CONVENIO-UASD-2-768x513.jpg 768w, https:\/\/diariodominicano.com\/wp-content\/uploads\/2021\/11\/CONVENIO-UASD-2-1536x1027.jpg 1536w, https:\/\/diariodominicano.com\/wp-content\/uploads\/2021\/11\/CONVENIO-UASD-2-2048x1369.jpg 2048w, https:\/\/diariodominicano.com\/wp-content\/uploads\/2021\/11\/CONVENIO-UASD-2-816x545.jpg 816w\" sizes=\"auto, (max-width: 1024px) 100vw, 1024px\" \/><\/figure>\n\n\n\n<p>Garc\u00eda Ferm\u00edn revel\u00f3 que el gobernante decidi\u00f3&nbsp;incrementar&nbsp;el aumento de la partida presupuestaria&nbsp;como sugiri\u00f3 la academia estatal.<\/p>\n\n\n\n<p>En ese sentido, dijo que&nbsp;el&nbsp;Gobierno canalizar\u00e1 otras ayudas como el caso del centro regional de San Crist\u00f3bal, donde se destinar\u00e1n RD$332.5 millones para la rehabilitaci\u00f3n y adecuaci\u00f3n en la que se crear\u00e1 \u201cuna verdadera ciudad universitaria\u201d.<\/p>\n\n\n\n<p>Subray\u00f3 que el presidente Abinader dispuso otras ayudas a los diversos centros regionales de la UASD.<\/p>\n\n\n\n<p>Garc\u00eda Ferm\u00edn, al referirse al acuerdo, dijo que siempre estar\u00e1 comprometido con la academia estatal porque es la instituci\u00f3n que m\u00e1s contribuye con la movilidad social.<\/p>\n\n\n\n<figure class=\"wp-block-image size-large\"><img loading=\"lazy\" decoding=\"async\" width=\"1024\" height=\"684\" src=\"https:\/\/diariodominicano.com\/wp-content\/uploads\/2021\/11\/CONVENIO-UASD-1024x684.jpg\" alt=\"\" class=\"wp-image-309709\" srcset=\"https:\/\/diariodominicano.com\/wp-content\/uploads\/2021\/11\/CONVENIO-UASD-1024x684.jpg 1024w, https:\/\/diariodominicano.com\/wp-content\/uploads\/2021\/11\/CONVENIO-UASD-300x201.jpg 300w, https:\/\/diariodominicano.com\/wp-content\/uploads\/2021\/11\/CONVENIO-UASD-768x513.jpg 768w, https:\/\/diariodominicano.com\/wp-content\/uploads\/2021\/11\/CONVENIO-UASD-1536x1027.jpg 1536w, https:\/\/diariodominicano.com\/wp-content\/uploads\/2021\/11\/CONVENIO-UASD-2048x1369.jpg 2048w, https:\/\/diariodominicano.com\/wp-content\/uploads\/2021\/11\/CONVENIO-UASD-816x545.jpg 816w\" sizes=\"auto, (max-width: 1024px) 100vw, 1024px\" \/><\/figure>\n\n\n\n<p>El tambi\u00e9n exrector de la UASD dijo que desde que lleg\u00f3 al Mescyt adopt\u00f3 la decisi\u00f3n de impulsar los programas de investigaci\u00f3n docente a trav\u00e9s del desarrollo de proyectos y la promoci\u00f3n de los programas doctorales.<\/p>\n\n\n\n<p>\u201cEstamos apoyando todos los programas doctorales de la UASD y de otras entidades acad\u00e9micas del pa\u00eds\u201d, precis\u00f3.<\/p>\n\n\n\n<p>Dijo que es necesario crear en el pa\u00eds una masa cr\u00edtica que se pueda dedicar a la investigaci\u00f3n,&nbsp;\u201cnecesitamos profesores investigadores\u201d.<\/p>\n\n\n\n<p>En ese sentido, Garc\u00eda Ferm\u00edn asegur\u00f3 que cuando lleg\u00f3 al Mescyt dispuso un aumento a la investigaci\u00f3n, el cual ten\u00eda un monto de RD$220 millones, y \u201ceste a\u00f1o lo llevamos&nbsp;a&nbsp;338 millones de pesos\u201d.<\/p>\n\n\n\n<p>El titular de la Mescyt dijo que para el 2022 aspira llevar el presupuesto para la investigaci\u00f3n a un monto de RD$1,000 millones.<\/p>\n\n\n\n<p><strong><em>Habla rectora UASD<\/em><\/strong><strong><em><\/em><\/strong><\/p>\n\n\n\n<p>La rectora de la UASD, Emma Polanco, agradeci\u00f3 al ministro Garc\u00eda Ferm\u00edn todo el esfuerzo que ha hecho en el tiempo que lleva en el cargo en favor de las mejores causas de la academia estatal.<\/p>\n\n\n\n<p>Polanco defini\u00f3 a Garc\u00eda Ferm\u00edn \u201ccomo un hijo innato de la universidad\u201d.<\/p>\n\n\n\n<p>Explic\u00f3 que las autoridades de la academia se sienten complacidas con las acciones que ha adoptado la administraci\u00f3n del presidente Luis Abinader, \u201cporque \u00e9l no quiere que nadie se quede afuera\u201d.<\/p>\n\n\n\n<p>Durante la firma del acuerdo entre el Mescyt y la UASD, estuvieron presentes el vicerrector de Investigaci\u00f3n y Postgrado, Mauro Canario Lorenzo; la decana de la Facultad de Ciencias de la Educaci\u00f3n, Lesly Mej\u00eda Roque; la vicedecana Juana Encarnaci\u00f3n; el director de la Escuela de Formaci\u00f3n Docente, Educaci\u00f3n F\u00edsica y Ciencias del Deporte, Pascual Leocadio; la directora de Escuela de Teor\u00eda y Gesti\u00f3n, Altagracia N\u00fa\u00f1ez, y la decana de la Facultad de Ciencias Agron\u00f3micas y Veterinarias, Ramona Medina Col\u00f3n, entre otras autoridades universitarias. &nbsp;&nbsp;&nbsp;&nbsp;&nbsp;&nbsp;&nbsp;&nbsp;&nbsp;<\/p>\n\n\n\n<p><strong><em>DIRECCION DE COMUNICACIONES<\/em><\/strong><strong><em><\/em><\/strong><\/p>\n\n\n\n<p><strong><em>DEPARTAMENTO DE PRENSA<\/em><\/strong><\/p>\n","protected":false},"excerpt":{"rendered":"<p>Acuerdo envuelve la erogaci\u00f3n de US$340 mil d\u00f3lares para cubrir gastos docentes en La Habana SANTO DOMINGO, RD, 20 de noviembre de 2021. &#8211; El Ministerio de Educaci\u00f3n Superior, Ciencia y Tecnolog\u00eda (Mescyt) y la Universidad Aut\u00f3noma de Santo Domingo (UASD) firmaron un convenio de colaboraci\u00f3n, mediante el cual el organismo oficial erogar\u00e1 US$340 mil [&hellip;]<\/p>\n","protected":false},"author":2,"featured_media":309712,"comment_status":"closed","ping_status":"","sticky":true,"template":"","format":"standard","meta":{"footnotes":""},"categories":[20,27],"tags":[],"class_list":["post-309705","post","type-post","status-publish","format-standard","has-post-thumbnail","hentry","category-dominicana-hoy","category-portada"],"_links":{"self":[{"href":"https:\/\/diariodominicano.com\/index.php?rest_route=\/wp\/v2\/posts\/309705","targetHints":{"allow":["GET"]}}],"collection":[{"href":"https:\/\/diariodominicano.com\/index.php?rest_route=\/wp\/v2\/posts"}],"about":[{"href":"https:\/\/diariodominicano.com\/index.php?rest_route=\/wp\/v2\/types\/post"}],"author":[{"embeddable":true,"href":"https:\/\/diariodominicano.com\/index.php?rest_route=\/wp\/v2\/users\/2"}],"replies":[{"embeddable":true,"href":"https:\/\/diariodominicano.com\/index.php?rest_route=%2Fwp%2Fv2%2Fcomments&post=309705"}],"version-history":[{"count":3,"href":"https:\/\/diariodominicano.com\/index.php?rest_route=\/wp\/v2\/posts\/309705\/revisions"}],"predecessor-version":[{"id":309713,"href":"https:\/\/diariodominicano.com\/index.php?rest_route=\/wp\/v2\/posts\/309705\/revisions\/309713"}],"wp:featuredmedia":[{"embeddable":true,"href":"https:\/\/diariodominicano.com\/index.php?rest_route=\/wp\/v2\/media\/309712"}],"wp:attachment":[{"href":"https:\/\/diariodominicano.com\/index.php?rest_route=%2Fwp%2Fv2%2Fmedia&parent=309705"}],"wp:term":[{"taxonomy":"category","embeddable":true,"href":"https:\/\/diariodominicano.com\/index.php?rest_route=%2Fwp%2Fv2%2Fcategories&post=309705"},{"taxonomy":"post_tag","embeddable":true,"href":"https:\/\/diariodominicano.com\/index.php?rest_route=%2Fwp%2Fv2%2Ftags&post=309705"}],"curies":[{"name":"wp","href":"https:\/\/api.w.org\/{rel}","templated":true}]}}