{"id":309694,"date":"2021-11-20T17:32:00","date_gmt":"2021-11-20T21:32:00","guid":{"rendered":"http:\/\/diariodominicano.com\/?p=309694"},"modified":"2021-11-20T17:35:46","modified_gmt":"2021-11-20T21:35:46","slug":"unibe-celebra-su-quincuagesima-segunda-graduacion-ordinaria-en-casa-san-pablo","status":"publish","type":"post","link":"https:\/\/diariodominicano.com\/?p=309694","title":{"rendered":"Unibe celebra su Quincuag\u00e9sima Segunda Graduaci\u00f3n Ordinaria en Casa San Pablo"},"content":{"rendered":"\n<p><em><strong>El acto de investidura fue celebrado en tres tandas, 10am, 3pm y 6pm, honrando el esfuerzo y dedicaci\u00f3n realizado por todos los egresados en medio de la pandemia<\/strong><\/em><\/p>\n\n\n\n<p><strong>Santo Domingo, D.N. 10 de julio, 2021.<\/strong> La Universidad Iberoamericana (Unibe), celebr\u00f3 su Quincuag\u00e9sima Segunda Graduaci\u00f3n Ordinaria, egresando a 460 nuevos profesionales en distintas carreras, maestr\u00edas y especialidades, para un total de 21,768 desde su fundaci\u00f3n hace 39 a\u00f1os.<\/p>\n\n\n\n<p><strong>El acto de graduaci\u00f3n, encabezado por miembros del Consejo Regente y el Consejo Acad\u00e9mico de la universidad, fue celebrado en Casa San Pablo, a dos a\u00f1os de la actual pandemia, cumpliendo con los protocolos de seguridad en torno a la circulaci\u00f3n del virus Covid-19.<\/strong><\/p>\n\n\n\n<p>Durante el discurso central del acto a cargo de la doctora Odile Camilo Vincent, rectora de esta casa de altos estudios, enfatiz\u00f3 sobre el compromiso ciudadano para revertir la realidad actual. <em>\u201cEntiendo que es impostergable asumir el compromiso de incidir activamente en el esfuerzo por cambiar el rumbo. Estamos viviendo un punto de inflexi\u00f3n, un momento hist\u00f3rico, decisivo, para dar, o no, el salto en materia de desarrollo. La responsabilidad est\u00e1 en nuestros hombros\u201d.<\/em><\/p>\n\n\n\n<figure class=\"wp-block-image size-large\"><img loading=\"lazy\" decoding=\"async\" width=\"1024\" height=\"683\" src=\"https:\/\/diariodominicano.com\/wp-content\/uploads\/2021\/11\/dsc_00011-1024x683.jpg\" alt=\"\" class=\"wp-image-309696\" srcset=\"https:\/\/diariodominicano.com\/wp-content\/uploads\/2021\/11\/dsc_00011-1024x683.jpg 1024w, https:\/\/diariodominicano.com\/wp-content\/uploads\/2021\/11\/dsc_00011-300x200.jpg 300w, https:\/\/diariodominicano.com\/wp-content\/uploads\/2021\/11\/dsc_00011-768x512.jpg 768w, https:\/\/diariodominicano.com\/wp-content\/uploads\/2021\/11\/dsc_00011-1536x1025.jpg 1536w, https:\/\/diariodominicano.com\/wp-content\/uploads\/2021\/11\/dsc_00011-816x544.jpg 816w, https:\/\/diariodominicano.com\/wp-content\/uploads\/2021\/11\/dsc_00011.jpg 1800w\" sizes=\"auto, (max-width: 1024px) 100vw, 1024px\" \/><\/figure>\n\n\n\n<p>Como punto de an\u00e1lisis llev\u00f3 a los presentes a reflexionar sobre las condiciones econ\u00f3micas y pol\u00edticas favorables para dar un salto en la calidad de vida de todas y todos, indicando<em>: \u201cA su generaci\u00f3n le corresponde comprometerse con nuestros conciudadanos para alcanzar los Objetivos de Desarrollo Sostenible. La Agenda 2030 es una carta de ruta imprescindible para poder poner fin a la pobreza, proteger el planeta y mejorar las vidas y las perspectivas de las personas, en nuestro pa\u00eds y en todo el mundo.\u00a0Lo que hagamos en esta d\u00e9cada ser\u00e1 determinante para lograr estas metas\u201d.<\/em><\/p>\n\n\n\n<p>Durante su discurso hizo un llamado para que cada miembro de la familia Unibe, as\u00ed como cada dominicano y dominicana, se sumen activamente al esfuerzo global para cumplir con las metas de la Agenda 2030, a la que se han incorporado decenas de empresas, oficinas gubernamentales y organizaciones de la sociedad civil dominicana.<\/p>\n\n\n\n<figure class=\"wp-block-image size-large\"><img loading=\"lazy\" decoding=\"async\" width=\"683\" height=\"1024\" src=\"https:\/\/diariodominicano.com\/wp-content\/uploads\/2021\/11\/dsc_00021-683x1024.jpg\" alt=\"\" class=\"wp-image-309697\" srcset=\"https:\/\/diariodominicano.com\/wp-content\/uploads\/2021\/11\/dsc_00021-683x1024.jpg 683w, https:\/\/diariodominicano.com\/wp-content\/uploads\/2021\/11\/dsc_00021-200x300.jpg 200w, https:\/\/diariodominicano.com\/wp-content\/uploads\/2021\/11\/dsc_00021-768x1152.jpg 768w, https:\/\/diariodominicano.com\/wp-content\/uploads\/2021\/11\/dsc_00021-1024x1536.jpg 1024w, https:\/\/diariodominicano.com\/wp-content\/uploads\/2021\/11\/dsc_00021-1366x2048.jpg 1366w, https:\/\/diariodominicano.com\/wp-content\/uploads\/2021\/11\/dsc_00021-816x1224.jpg 816w, https:\/\/diariodominicano.com\/wp-content\/uploads\/2021\/11\/dsc_00021-scaled.jpg 1707w\" sizes=\"auto, (max-width: 683px) 100vw, 683px\" \/><\/figure>\n\n\n\n<p><strong>Fortalecimiento durante la pandemia<\/strong><\/p>\n\n\n\n<p>En el marco de esta celebraci\u00f3n, la Rectora de la instituci\u00f3n acad\u00e9mica se refiri\u00f3 a iniciativas que se fortalecieron durante la pandemia<strong>: <\/strong><em>\u201cIniciamos refiri\u00e9ndonos en primer orden a la colaboraci\u00f3n estrecha entre los empresarios, el gobierno y la academia. Despu\u00e9s de a\u00f1os en que hemos lamentado la desconexi\u00f3n entre estos tres sectores, la necesidad de aportar soluciones efectivas nos uni\u00f3. El gobierno ha sido el catalizador de esta uni\u00f3n, promoviendo una sinergia productiva y \u00e1gil, que no se hab\u00eda desplegado antes. Esta colaboraci\u00f3n tripartita ha permitido que seamos de las naciones que mejor nos estamos recuperando.<\/em><\/p>\n\n\n\n<p><em>\u201c Es fundamental que esta sinergia no se desvanezca. Podemos ver la situaci\u00f3n actual como coyuntural, o concebirla como una que refleja una nueva manera de hacer Patria. Debemos reconocernos todos como actores imprescindibles de la generaci\u00f3n de propuestas, de la concertaci\u00f3n\u201d.<\/em><strong> <\/strong><em><\/em><\/p>\n\n\n\n<figure class=\"wp-block-image size-large\"><img loading=\"lazy\" decoding=\"async\" width=\"1024\" height=\"683\" src=\"https:\/\/diariodominicano.com\/wp-content\/uploads\/2021\/11\/dsc_00031-1024x683.jpg\" alt=\"\" class=\"wp-image-309698\" srcset=\"https:\/\/diariodominicano.com\/wp-content\/uploads\/2021\/11\/dsc_00031-1024x683.jpg 1024w, https:\/\/diariodominicano.com\/wp-content\/uploads\/2021\/11\/dsc_00031-300x200.jpg 300w, https:\/\/diariodominicano.com\/wp-content\/uploads\/2021\/11\/dsc_00031-768x512.jpg 768w, https:\/\/diariodominicano.com\/wp-content\/uploads\/2021\/11\/dsc_00031-1536x1025.jpg 1536w, https:\/\/diariodominicano.com\/wp-content\/uploads\/2021\/11\/dsc_00031-816x544.jpg 816w, https:\/\/diariodominicano.com\/wp-content\/uploads\/2021\/11\/dsc_00031.jpg 1800w\" sizes=\"auto, (max-width: 1024px) 100vw, 1024px\" \/><\/figure>\n\n\n\n<p>Asimismo recalc\u00f3 la necesidad para alcanzar la sociedad que anhelamos expresando<strong>: <\/strong><em>\u201cDebemos <\/em><em>asegurarnos de que las iniciativas legislativas, los programas y las pol\u00edticas se enmarquen en el enfoque de derechos humanos. Es menester continuar promoviendo la participaci\u00f3n ciudadana, los sistemas de monitoreo y evaluaci\u00f3n que permiten orientar y reorientar proyectos basados en la evidencia, fomentar la rendici\u00f3n de cuentas y el sistema de consecuencias. La responsabilidad es de todos y todas, debemos apoyar al gobierno y a las organizaciones de la sociedad civil, pues esta naci\u00f3n lo requiere y merece\u201d.<\/em><strong><\/strong><\/p>\n\n\n\n<p>Finaliz\u00f3 su discurso dirigiendose de forma clara y precisa a la generaci\u00f3n que hoy fue entregada ante la sociedad indic\u00e1ndoles al respecto: <em>\u201c<\/em><em>Esperamos que sea \u00e9sta la generaci\u00f3n que logr\u00f3 promover a escala peque\u00f1a y grande cambios positivos y sostenidos para generar bienestar para todos y todas. Contamos con ustedes, con el importante rol que han de desempe\u00f1ar fomentando una sociedad civil que promueva que cada ser humano sea tratado con dignidad. Este d\u00eda los despedimos dese\u00e1ndoles \u00e9xitos en cada emprendimiento personal y profesional; exhort\u00e1ndoles a ejercer la gratitud, el optimismo, a perseguir la excelencia, a seguir prepr\u00e1ndose siempre; a ser honestos, a no desfallecer en el camino; a levantarse con entusiasmo y a comprometerse con ustedes mismos para hacer que cada d\u00eda cuente\u201d.<\/em><\/p>\n\n\n\n<figure class=\"wp-block-image size-large\"><img loading=\"lazy\" decoding=\"async\" width=\"1024\" height=\"684\" src=\"https:\/\/diariodominicano.com\/wp-content\/uploads\/2021\/11\/Principal_14-1024x684.jpg\" alt=\"\" class=\"wp-image-309702\" srcset=\"https:\/\/diariodominicano.com\/wp-content\/uploads\/2021\/11\/Principal_14-1024x684.jpg 1024w, https:\/\/diariodominicano.com\/wp-content\/uploads\/2021\/11\/Principal_14-300x200.jpg 300w, https:\/\/diariodominicano.com\/wp-content\/uploads\/2021\/11\/Principal_14-768x513.jpg 768w, https:\/\/diariodominicano.com\/wp-content\/uploads\/2021\/11\/Principal_14-1536x1026.jpg 1536w, https:\/\/diariodominicano.com\/wp-content\/uploads\/2021\/11\/Principal_14-816x545.jpg 816w, https:\/\/diariodominicano.com\/wp-content\/uploads\/2021\/11\/Principal_14.jpg 1800w\" sizes=\"auto, (max-width: 1024px) 100vw, 1024px\" \/><\/figure>\n\n\n\n<p>Al cierre de la ceremonia, Unibe resalt\u00f3 la labor de los graduandos de la carrera de Medicina, por su labor encomiable y trabajo arduo durante la pandemia, tanto en sus rotaciones cl\u00ednicas como en las 27 jornadas de vacunaci\u00f3n que realiz\u00f3 la universidad en su campus, en la que fueron vacunadas casi 13 mil personas.<\/p>\n\n\n\n<p><\/p>\n\n\n\n<p><em>Jeimie Reyes &#8211; <\/em>Gerente de Comunicaci\u00f3n Corporativa y Protocolo<\/p>\n\n\n\n<p> <a href=\"mailto:j.reyes3@unibe.edu.do\">j.reyes3@unibe.edu.do<\/a><\/p>\n","protected":false},"excerpt":{"rendered":"<p>El acto de investidura fue celebrado en tres tandas, 10am, 3pm y 6pm, honrando el esfuerzo y dedicaci\u00f3n realizado por todos los egresados en medio de la pandemia Santo Domingo, D.N. 10 de julio, 2021. La Universidad Iberoamericana (Unibe), celebr\u00f3 su Quincuag\u00e9sima Segunda Graduaci\u00f3n Ordinaria, egresando a 460 nuevos profesionales en distintas carreras, maestr\u00edas y [&hellip;]<\/p>\n","protected":false},"author":2,"featured_media":309695,"comment_status":"closed","ping_status":"","sticky":true,"template":"","format":"standard","meta":{"footnotes":""},"categories":[25,27],"tags":[],"class_list":["post-309694","post","type-post","status-publish","format-standard","has-post-thumbnail","hentry","category-gente","category-portada"],"_links":{"self":[{"href":"https:\/\/diariodominicano.com\/index.php?rest_route=\/wp\/v2\/posts\/309694","targetHints":{"allow":["GET"]}}],"collection":[{"href":"https:\/\/diariodominicano.com\/index.php?rest_route=\/wp\/v2\/posts"}],"about":[{"href":"https:\/\/diariodominicano.com\/index.php?rest_route=\/wp\/v2\/types\/post"}],"author":[{"embeddable":true,"href":"https:\/\/diariodominicano.com\/index.php?rest_route=\/wp\/v2\/users\/2"}],"replies":[{"embeddable":true,"href":"https:\/\/diariodominicano.com\/index.php?rest_route=%2Fwp%2Fv2%2Fcomments&post=309694"}],"version-history":[{"count":3,"href":"https:\/\/diariodominicano.com\/index.php?rest_route=\/wp\/v2\/posts\/309694\/revisions"}],"predecessor-version":[{"id":309703,"href":"https:\/\/diariodominicano.com\/index.php?rest_route=\/wp\/v2\/posts\/309694\/revisions\/309703"}],"wp:featuredmedia":[{"embeddable":true,"href":"https:\/\/diariodominicano.com\/index.php?rest_route=\/wp\/v2\/media\/309695"}],"wp:attachment":[{"href":"https:\/\/diariodominicano.com\/index.php?rest_route=%2Fwp%2Fv2%2Fmedia&parent=309694"}],"wp:term":[{"taxonomy":"category","embeddable":true,"href":"https:\/\/diariodominicano.com\/index.php?rest_route=%2Fwp%2Fv2%2Fcategories&post=309694"},{"taxonomy":"post_tag","embeddable":true,"href":"https:\/\/diariodominicano.com\/index.php?rest_route=%2Fwp%2Fv2%2Ftags&post=309694"}],"curies":[{"name":"wp","href":"https:\/\/api.w.org\/{rel}","templated":true}]}}