{"id":309686,"date":"2021-11-20T16:38:07","date_gmt":"2021-11-20T20:38:07","guid":{"rendered":"http:\/\/diariodominicano.com\/?p=309686"},"modified":"2021-11-20T16:42:00","modified_gmt":"2021-11-20T20:42:00","slug":"presidente-jce-llama-a-los-jovenes-y-otros-segmentos-sociales-a-participar-en-el-proceso-conformacion-juntas-electorales","status":"publish","type":"post","link":"https:\/\/diariodominicano.com\/?p=309686","title":{"rendered":"Presidente JCE llama a los j\u00f3venes y otros segmentos sociales a participar en el proceso conformaci\u00f3n Juntas Electorales"},"content":{"rendered":"\n<p>  <strong>Rom\u00e1n Andr\u00e9s J\u00e1quez Liranzo<\/strong> dijo hay que aprovechar las ansias que tienen los j\u00f3venes por influir socialmente en procura de insertarlos en los espacios de participaci\u00f3n y de la innovaci\u00f3n en la democracia. <\/p>\n\n\n\n<p><strong>Santo Domingo, RD, 20 de noviembre de 2021.- <\/strong>El presidente de la Junta Central Electoral (JCE) agot\u00f3 la jornada del proceso de conformaci\u00f3n de Juntas Electorales de este fin de semana con un llamado a la participaci\u00f3n en favor de la democracia, con especial atenci\u00f3n en los j\u00f3venes puesto que el margen de los que han participado hasta el momento, es menor del 10%.<\/p>\n\n\n\n<p><strong>Rom\u00e1n Andr\u00e9s J\u00e1quez Liranzo dijo que, aunque se ha enarbolado el discurso de la violencia hacia la mujer, no menos cierto es que subyace siempre una violencia hacia la juventud.<\/strong><\/p>\n\n\n\n<p>\u201cLa juventud no es ap\u00e1tica, no es distante a la pol\u00edtica lo que ocurre es que los j\u00f3venes se sienten frustrados porque no se llenan sus expectativas y porque escalar pol\u00edticamente est\u00e1 lleno de exclusiones y de prejuicios por una supuesta falta de experiencia y esto lo extrapolo a escalar en las distintas esferas de un estado desde el punto de vista p\u00fablico y desde el punto de vista privado\u201d, expres\u00f3.<\/p>\n\n\n\n<figure class=\"wp-block-image size-large\"><img loading=\"lazy\" decoding=\"async\" width=\"1024\" height=\"683\" src=\"https:\/\/diariodominicano.com\/wp-content\/uploads\/2021\/11\/Conf.-03-1024x683.jpg\" alt=\"\" class=\"wp-image-309688\" srcset=\"https:\/\/diariodominicano.com\/wp-content\/uploads\/2021\/11\/Conf.-03-1024x683.jpg 1024w, https:\/\/diariodominicano.com\/wp-content\/uploads\/2021\/11\/Conf.-03-300x200.jpg 300w, https:\/\/diariodominicano.com\/wp-content\/uploads\/2021\/11\/Conf.-03-768x512.jpg 768w, https:\/\/diariodominicano.com\/wp-content\/uploads\/2021\/11\/Conf.-03-1536x1024.jpg 1536w, https:\/\/diariodominicano.com\/wp-content\/uploads\/2021\/11\/Conf.-03-2048x1365.jpg 2048w, https:\/\/diariodominicano.com\/wp-content\/uploads\/2021\/11\/Conf.-03-816x544.jpg 816w\" sizes=\"auto, (max-width: 1024px) 100vw, 1024px\" \/><\/figure>\n\n\n\n<p>Dijo que hay que aprovechar las ansias que tienen los j\u00f3venes por influir socialmente en procura de insertarlos en los espacios de participaci\u00f3n y de la innovaci\u00f3n en la democracia.<\/p>\n\n\n\n<p>Explic\u00f3 que el acudir a votar en las elecciones es un deber y un derecho, pero la democracia permite a los ciudadanos ir m\u00e1s all\u00e1, pues el valor de la participaci\u00f3n permite a los interesados formar parte de las Juntas Electorales, las mesas electorales o los colegios electorales.<\/p>\n\n\n\n<p>\u201cEl valor de la participaci\u00f3n te invita a ti joven, mujer, hombre, no importa tu creencia, tus ideolog\u00edas, tu forma de pensar, todos y todas tenemos en com\u00fan el amor por la paz y la convivencia social-pol\u00edtica y sobre todo la convivencia c\u00edvica\u201d, subray\u00f3.<\/p>\n\n\n\n<figure class=\"wp-block-image size-large\"><img loading=\"lazy\" decoding=\"async\" width=\"683\" height=\"1024\" src=\"https:\/\/diariodominicano.com\/wp-content\/uploads\/2021\/11\/Conf.-02-683x1024.jpg\" alt=\"\" class=\"wp-image-309689\" srcset=\"https:\/\/diariodominicano.com\/wp-content\/uploads\/2021\/11\/Conf.-02-683x1024.jpg 683w, https:\/\/diariodominicano.com\/wp-content\/uploads\/2021\/11\/Conf.-02-200x300.jpg 200w, https:\/\/diariodominicano.com\/wp-content\/uploads\/2021\/11\/Conf.-02-768x1152.jpg 768w, https:\/\/diariodominicano.com\/wp-content\/uploads\/2021\/11\/Conf.-02-1024x1536.jpg 1024w, https:\/\/diariodominicano.com\/wp-content\/uploads\/2021\/11\/Conf.-02-1365x2048.jpg 1365w, https:\/\/diariodominicano.com\/wp-content\/uploads\/2021\/11\/Conf.-02-816x1224.jpg 816w, https:\/\/diariodominicano.com\/wp-content\/uploads\/2021\/11\/Conf.-02-scaled.jpg 1707w\" sizes=\"auto, (max-width: 683px) 100vw, 683px\" \/><\/figure>\n\n\n\n<p>En otro orden, J\u00e1quez Liranzo advirti\u00f3 a quienes sean designados en las Juntas Electorales y en las OCCLES que, en su desempe\u00f1o y en sus decisiones, siempre tomen en cuenta que \u201cnada est\u00e1 por encima de la Constituci\u00f3n, pero nada est\u00e1 por debajo de la democracia\u201d.<\/p>\n\n\n\n<p>En ese sentido destac\u00f3 la importancia de escuchar las inquietudes de los aspirantes, porque con ello se contribuye a tener un buen desenvolvimiento en las elecciones venideras.<\/p>\n\n\n\n<p>Previo al discurso del presidente de la JCE, tuvieron palabras el coordinador de la Comisi\u00f3n de Juntas Electorales y Partidos, Agrupaciones y Movimientos pol\u00edticos, Samir Rafael Chami Isa, en Bonao, y el miembro titular, Rafael Armando Vallejo Santelises, en La Vega.<\/p>\n\n\n\n<figure class=\"wp-block-image size-large\"><img loading=\"lazy\" decoding=\"async\" width=\"1024\" height=\"682\" src=\"https:\/\/diariodominicano.com\/wp-content\/uploads\/2021\/11\/Conf.-08-1024x682.jpeg\" alt=\"\" class=\"wp-image-309690\" srcset=\"https:\/\/diariodominicano.com\/wp-content\/uploads\/2021\/11\/Conf.-08-1024x682.jpeg 1024w, https:\/\/diariodominicano.com\/wp-content\/uploads\/2021\/11\/Conf.-08-300x200.jpeg 300w, https:\/\/diariodominicano.com\/wp-content\/uploads\/2021\/11\/Conf.-08-768x512.jpeg 768w, https:\/\/diariodominicano.com\/wp-content\/uploads\/2021\/11\/Conf.-08-816x544.jpeg 816w, https:\/\/diariodominicano.com\/wp-content\/uploads\/2021\/11\/Conf.-08.jpeg 1280w\" sizes=\"auto, (max-width: 1024px) 100vw, 1024px\" \/><\/figure>\n\n\n\n<p>Ambos coincidieron en motivas a los participantes a exponer sus propuestas e inquietudes, pues con ello se definen los aspectos que se necesitan mejorar.<\/p>\n\n\n\n<p>Durante la jornada del fin de semana se recibieron m\u00e1s de 60 propuestas en los municipios de Bonao, La Vega, Paraiso y Maim\u00f3n. Los aspirantes tienen un plazo de tres d\u00edas para depositar v\u00eda web o en las juntas electorales de sus respectivas localidades.<\/p>\n\n\n\n<p>20 de noviembre del 2021<\/p>\n\n\n\n<p>Direcci\u00f3n de Comunicaciones<\/p>\n","protected":false},"excerpt":{"rendered":"<p>Rom\u00e1n Andr\u00e9s J\u00e1quez Liranzo dijo hay que aprovechar las ansias que tienen los j\u00f3venes por influir socialmente en procura de insertarlos en los espacios de participaci\u00f3n y de la innovaci\u00f3n en la democracia. Santo Domingo, RD, 20 de noviembre de 2021.- El presidente de la Junta Central Electoral (JCE) agot\u00f3 la jornada del proceso de [&hellip;]<\/p>\n","protected":false},"author":2,"featured_media":309687,"comment_status":"closed","ping_status":"","sticky":true,"template":"","format":"standard","meta":{"footnotes":""},"categories":[22,27],"tags":[],"class_list":["post-309686","post","type-post","status-publish","format-standard","has-post-thumbnail","hentry","category-politica","category-portada"],"_links":{"self":[{"href":"https:\/\/diariodominicano.com\/index.php?rest_route=\/wp\/v2\/posts\/309686","targetHints":{"allow":["GET"]}}],"collection":[{"href":"https:\/\/diariodominicano.com\/index.php?rest_route=\/wp\/v2\/posts"}],"about":[{"href":"https:\/\/diariodominicano.com\/index.php?rest_route=\/wp\/v2\/types\/post"}],"author":[{"embeddable":true,"href":"https:\/\/diariodominicano.com\/index.php?rest_route=\/wp\/v2\/users\/2"}],"replies":[{"embeddable":true,"href":"https:\/\/diariodominicano.com\/index.php?rest_route=%2Fwp%2Fv2%2Fcomments&post=309686"}],"version-history":[{"count":3,"href":"https:\/\/diariodominicano.com\/index.php?rest_route=\/wp\/v2\/posts\/309686\/revisions"}],"predecessor-version":[{"id":309693,"href":"https:\/\/diariodominicano.com\/index.php?rest_route=\/wp\/v2\/posts\/309686\/revisions\/309693"}],"wp:featuredmedia":[{"embeddable":true,"href":"https:\/\/diariodominicano.com\/index.php?rest_route=\/wp\/v2\/media\/309687"}],"wp:attachment":[{"href":"https:\/\/diariodominicano.com\/index.php?rest_route=%2Fwp%2Fv2%2Fmedia&parent=309686"}],"wp:term":[{"taxonomy":"category","embeddable":true,"href":"https:\/\/diariodominicano.com\/index.php?rest_route=%2Fwp%2Fv2%2Fcategories&post=309686"},{"taxonomy":"post_tag","embeddable":true,"href":"https:\/\/diariodominicano.com\/index.php?rest_route=%2Fwp%2Fv2%2Ftags&post=309686"}],"curies":[{"name":"wp","href":"https:\/\/api.w.org\/{rel}","templated":true}]}}