{"id":309652,"date":"2021-11-20T14:27:18","date_gmt":"2021-11-20T18:27:18","guid":{"rendered":"http:\/\/diariodominicano.com\/?p=309652"},"modified":"2021-11-20T14:30:19","modified_gmt":"2021-11-20T18:30:19","slug":"mision-del-gobierno-dominicano-viajara-a-colombia-para-intercambio-de-idea-en-materia-de-politicas-de-innovacion","status":"publish","type":"post","link":"https:\/\/diariodominicano.com\/?p=309652","title":{"rendered":"Misi\u00f3n del gobierno dominicano viajar\u00e1 a Colombia para intercambio de idea en materia de pol\u00edticas de innovaci\u00f3n"},"content":{"rendered":"\n<p><br><strong> Bartolom\u00e9 Pujals, director ejecutivo del Gabinete de Innovaci\u00f3n <\/strong><\/p>\n\n\n\n<p><strong>Santo Domingo, RD, 20 de noviembre<\/strong>. El director del Gabinete de Innovaci\u00f3n, Bartolom\u00e9 Pujals agotar\u00e1 una jornada de trabajo desde este domingo, con el acompa\u00f1amiento del Programa de las Naciones Unidas para el Desarrollo (PNUD)<br><\/p>\n\n\n\n<p>El director ejecutivo del Gabinete de Innovaci\u00f3n, Bartolom\u00e9 Pujals encabeza la delegaci\u00f3n oficial que viaja este domingo a Colombia, como parte del proceso para la formaci\u00f3n de la Pol\u00edtica Nacional de Innovaci\u00f3n 2030.<\/p>\n\n\n\n<p><br>La jornada que cuenta con el acompa\u00f1amiento del Programa de las Naciones Unidas para el Desarrollo (PNUD), tiene como prop\u00f3sito el intercambio de experiencias con ese pa\u00edsdurante el proceso de construcci\u00f3n de su ecosistema de innovaci\u00f3n.<\/p>\n\n\n\n<p><br>Pujals, quien adem\u00e1s de sus funciones es asesor del presidente Luis Abinader en materia de Innovaci\u00f3n y proyectos sociales innovadores, explic\u00f3 que la visita forma parte de la etapa de transferencia de conocimiento que se realiza como en la fase de consulta y diagn\u00f3stico previo al dise\u00f1o de la Pol\u00edtica Nacional de Innovaci\u00f3n.<\/p>\n\n\n\n<p><br>\u00abLa Innovaci\u00f3n es la clave del cambio, y por eso estamos conociendo y explorando las experiencias de otros pa\u00edses de la regi\u00f3n durante sus procesos de innovaci\u00f3n, as\u00ed como aprovecharemos en su momento para alimentarnos de las ideas e inquietudes de cada dominicano, porque es justo en la co-creaci\u00f3n y la inteligencia colectiva donde germina la Innovaci\u00f3n\u00bb explic\u00f3 Pujals.<\/p>\n\n\n\n<p><br>El director ejecutivo del Gabinete de Innovaci\u00f3n avanz\u00f3 que la misi\u00f3n que lidera agotar\u00e1 sesiones de trabajo en instituciones p\u00fablicas y en el sector privado que forman parte del ecosistema de Innovaci\u00f3n Colombiano, en las ciudades Bogot\u00e1 y Medell\u00edn desde el d\u00eda 21 al 27 de noviembre dentro de las que destaca el ministerio de Tecnolog\u00eda, la secretar\u00eda de Desarrollo Econ\u00f3mico de Bogot\u00e1 y Medell\u00edn, el SENA, las iniciativas Impulsa, Ruta N, as\u00ed como diversas start-up colombianas, entre otros.<\/p>\n\n\n\n<p><\/p>\n\n\n\n<p><strong>Del Gabinete de Innovaci\u00f3n<\/strong><\/p>\n\n\n\n<p><br>El Gabinete de Innovaci\u00f3n creado por el presidente Abinader mediante el decreto 464-21 con el objetivo de unificar una Pol\u00edtica de Innovaci\u00f3n que permita al pa\u00eds adoptar una cultura de innovaci\u00f3n para impulsar el desarrollo integral de la naci\u00f3n dominicana y crear, con la participaci\u00f3n de la ciudadan\u00eda, un ecosistema p\u00fablico, empresarial, acad\u00e9mico y cient\u00edfico.<\/p>\n\n\n\n<p><br>Bartolom\u00e9 Pujals inform\u00f3 que desde el mes de octubre el Gabinete de Innovaci\u00f3n ha realizado varias sesiones de transferencia de conocimiento en modo virtual para conocer el caso las pol\u00edticas de innovaci\u00f3n de Chile, Costa Rica y Paraguay, as\u00ed como la consulta a diferentes sectores, que m\u00e1s adelante incluir\u00e1 una a la ciudadan\u00eda en general, con el objetivo de presentarle al pa\u00eds en el primer trimestre del pr\u00f3ximo a\u00f1o la hoja de ruta al 2030 en materia de innovaci\u00f3n\u201d.<\/p>\n\n\n\n<p><strong>Gabinete Innovacion<\/strong>\u00a0&lt;prensagabinetedeinnovacion@gmail.com><br><br> <\/p>\n","protected":false},"excerpt":{"rendered":"<p>Bartolom\u00e9 Pujals, director ejecutivo del Gabinete de Innovaci\u00f3n Santo Domingo, RD, 20 de noviembre. El director del Gabinete de Innovaci\u00f3n, Bartolom\u00e9 Pujals agotar\u00e1 una jornada de trabajo desde este domingo, con el acompa\u00f1amiento del Programa de las Naciones Unidas para el Desarrollo (PNUD) El director ejecutivo del Gabinete de Innovaci\u00f3n, Bartolom\u00e9 Pujals encabeza la delegaci\u00f3n [&hellip;]<\/p>\n","protected":false},"author":2,"featured_media":309653,"comment_status":"closed","ping_status":"","sticky":true,"template":"","format":"standard","meta":{"footnotes":""},"categories":[20,27],"tags":[],"class_list":["post-309652","post","type-post","status-publish","format-standard","has-post-thumbnail","hentry","category-dominicana-hoy","category-portada"],"_links":{"self":[{"href":"https:\/\/diariodominicano.com\/index.php?rest_route=\/wp\/v2\/posts\/309652","targetHints":{"allow":["GET"]}}],"collection":[{"href":"https:\/\/diariodominicano.com\/index.php?rest_route=\/wp\/v2\/posts"}],"about":[{"href":"https:\/\/diariodominicano.com\/index.php?rest_route=\/wp\/v2\/types\/post"}],"author":[{"embeddable":true,"href":"https:\/\/diariodominicano.com\/index.php?rest_route=\/wp\/v2\/users\/2"}],"replies":[{"embeddable":true,"href":"https:\/\/diariodominicano.com\/index.php?rest_route=%2Fwp%2Fv2%2Fcomments&post=309652"}],"version-history":[{"count":2,"href":"https:\/\/diariodominicano.com\/index.php?rest_route=\/wp\/v2\/posts\/309652\/revisions"}],"predecessor-version":[{"id":309655,"href":"https:\/\/diariodominicano.com\/index.php?rest_route=\/wp\/v2\/posts\/309652\/revisions\/309655"}],"wp:featuredmedia":[{"embeddable":true,"href":"https:\/\/diariodominicano.com\/index.php?rest_route=\/wp\/v2\/media\/309653"}],"wp:attachment":[{"href":"https:\/\/diariodominicano.com\/index.php?rest_route=%2Fwp%2Fv2%2Fmedia&parent=309652"}],"wp:term":[{"taxonomy":"category","embeddable":true,"href":"https:\/\/diariodominicano.com\/index.php?rest_route=%2Fwp%2Fv2%2Fcategories&post=309652"},{"taxonomy":"post_tag","embeddable":true,"href":"https:\/\/diariodominicano.com\/index.php?rest_route=%2Fwp%2Fv2%2Ftags&post=309652"}],"curies":[{"name":"wp","href":"https:\/\/api.w.org\/{rel}","templated":true}]}}