{"id":309630,"date":"2021-11-20T13:28:43","date_gmt":"2021-11-20T17:28:43","guid":{"rendered":"http:\/\/diariodominicano.com\/?p=309630"},"modified":"2021-11-20T13:31:25","modified_gmt":"2021-11-20T17:31:25","slug":"policia-comunitaria-inicia-jornada-inclusion-social-en-bonao-para-formar-jovenes-en-el-programa-policia-juvenil-comunitario","status":"publish","type":"post","link":"https:\/\/diariodominicano.com\/?p=309630","title":{"rendered":"Polic\u00eda Comunitaria inicia Jornada Inclusi\u00f3n Social en Bonao para formar j\u00f3venes en el programa Polic\u00eda Juvenil Comunitario"},"content":{"rendered":"\n<p><\/p>\n\n\n\n<p><strong>Bonao, RD.- <\/strong>La Polic\u00eda Nacional, a trav\u00e9s de la Direcci\u00f3n Polic\u00eda Comunitaria, inici\u00f3 la jornada de Inclusi\u00f3n Social en coordinaci\u00f3n con la Direcci\u00f3n General de Proyectos Estrat\u00e9gicos y Especiales de la Presidencia (Propeep) y el plan Dominicana Digna, en una actividad celebrada en la Escuela Primaria Profesora Mar\u00eda Russo Batista del municipio Bonao, provincia Monse\u00f1or Nouel.<\/p>\n\n\n\n<p><strong>La actividad estuvo encabezado por el director de la Polic\u00eda Comunitaria, coronel Frank de los Santos Encarnaci\u00f3n, con participaci\u00f3n especial en el registro de j\u00f3venes interesados en formar parte del programa \u201cPolic\u00eda Juvenil Comunitario\u201d el cual tiene como objetivo formar a los j\u00f3venes dominicanos dentro de la Polic\u00eda Comunitaria y la sociedad, desarrollando sus buenas costumbres.<\/strong><\/p>\n\n\n\n<figure class=\"wp-block-image size-large\"><img decoding=\"async\" src=\"https:\/\/diariodominicano.com\/wp-content\/uploads\/2021\/11\/Policia-Comunitaria-2-1024x768.jpg\" alt=\"\" class=\"wp-image-309632\"\/><\/figure>\n\n\n\n<p>El director de la Polic\u00eda Nacional, mayor general Eduardo Alberto Then, dentro del marco de los estatutos de Planificaci\u00f3n Estrat\u00e9gica y proceso de transformaci\u00f3n institucional del cuerpo del orden, respalda este tipo de actividades que involucran directamente a los comunitarios.<\/p>\n\n\n\n<p><\/p>\n\n\n\n<p>En la jornada de Inclusi\u00f3n Social, tambi\u00e9n estuvieron presentes el director del plan Dominicana Digna Adolfo Pineda, la gobernadora provincial Raquel Jim\u00e9nez, el alcalde municipal Eberto Antonio N\u00fa\u00f1ez y el diputado por Monse\u00f1or Nouel, Nolberto Ortiz Cruz.<\/p>\n\n\n\n<p>Otras instituciones que facilitan la iniciativa de Propeep y Dominicana Digna son las escuelas vocacionales de las Fuerzas Armadas y la Polic\u00eda Nacional, el Seguro Nacional de Salud (SeNaSa), el Consejo Nacional de la Discapacidad (Conadis), Consejo Nacional de la Persona Envejeciente (Conape) y el Ministerio de Trabajo.<\/p>\n\n\n\n<p><strong>Prensa Polic\u00eda Nacional<\/strong>\u00a0&lt;prensadigitalpn@gmail.com><\/p>\n","protected":false},"excerpt":{"rendered":"<p>Bonao, RD.- La Polic\u00eda Nacional, a trav\u00e9s de la Direcci\u00f3n Polic\u00eda Comunitaria, inici\u00f3 la jornada de Inclusi\u00f3n Social en coordinaci\u00f3n con la Direcci\u00f3n General de Proyectos Estrat\u00e9gicos y Especiales de la Presidencia (Propeep) y el plan Dominicana Digna, en una actividad celebrada en la Escuela Primaria Profesora Mar\u00eda Russo Batista del municipio Bonao, provincia Monse\u00f1or [&hellip;]<\/p>\n","protected":false},"author":2,"featured_media":309631,"comment_status":"closed","ping_status":"","sticky":true,"template":"","format":"standard","meta":{"footnotes":""},"categories":[20,27],"tags":[],"class_list":["post-309630","post","type-post","status-publish","format-standard","has-post-thumbnail","hentry","category-dominicana-hoy","category-portada"],"_links":{"self":[{"href":"https:\/\/diariodominicano.com\/index.php?rest_route=\/wp\/v2\/posts\/309630","targetHints":{"allow":["GET"]}}],"collection":[{"href":"https:\/\/diariodominicano.com\/index.php?rest_route=\/wp\/v2\/posts"}],"about":[{"href":"https:\/\/diariodominicano.com\/index.php?rest_route=\/wp\/v2\/types\/post"}],"author":[{"embeddable":true,"href":"https:\/\/diariodominicano.com\/index.php?rest_route=\/wp\/v2\/users\/2"}],"replies":[{"embeddable":true,"href":"https:\/\/diariodominicano.com\/index.php?rest_route=%2Fwp%2Fv2%2Fcomments&post=309630"}],"version-history":[{"count":3,"href":"https:\/\/diariodominicano.com\/index.php?rest_route=\/wp\/v2\/posts\/309630\/revisions"}],"predecessor-version":[{"id":309635,"href":"https:\/\/diariodominicano.com\/index.php?rest_route=\/wp\/v2\/posts\/309630\/revisions\/309635"}],"wp:featuredmedia":[{"embeddable":true,"href":"https:\/\/diariodominicano.com\/index.php?rest_route=\/wp\/v2\/media\/309631"}],"wp:attachment":[{"href":"https:\/\/diariodominicano.com\/index.php?rest_route=%2Fwp%2Fv2%2Fmedia&parent=309630"}],"wp:term":[{"taxonomy":"category","embeddable":true,"href":"https:\/\/diariodominicano.com\/index.php?rest_route=%2Fwp%2Fv2%2Fcategories&post=309630"},{"taxonomy":"post_tag","embeddable":true,"href":"https:\/\/diariodominicano.com\/index.php?rest_route=%2Fwp%2Fv2%2Ftags&post=309630"}],"curies":[{"name":"wp","href":"https:\/\/api.w.org\/{rel}","templated":true}]}}